{"id":116,"date":"2016-02-08T15:43:21","date_gmt":"2016-02-08T15:43:21","guid":{"rendered":"http:\/\/marcosmesa.com\/?p=116"},"modified":"2016-10-19T19:17:33","modified_gmt":"2016-10-19T19:17:33","slug":"taller-artistico-miranda-ebro","status":"publish","type":"post","link":"http:\/\/marcosmesa.com\/ca\/2016\/02\/08\/taller-artistico-miranda-ebro\/","title":{"rendered":"Estada art\u00edstica a Miranda de Ebro"},"content":{"rendered":"<p><\/p>\n<div>\n<p style=\"text-align: justify;\">Dins el marc de conviv\u00e8ncies al Taller Art\u00edstic de Miranda de Ebro i l&#8217;Alberg Juvenil Fern\u00e1n Gonz\u00e1lez de Miranda de Ebro, va tenir lloc una estada de creaci\u00f3 d&#8217;obres pict\u00f2riques amb vocaci\u00f3 t\u00e0ctil que van desembocar en la finalitzaci\u00f3 del projecte &#8220;Pintura i Tacte&#8221; amb una exposici\u00f3 a la ciutat.<\/p>\n<p style=\"text-align: justify;\">&#8220;Pintura i Tacte&#8221; es va materialitzar en una exposici\u00f3 pict\u00f2rica amb materials en relleu i textura per ser tocats pel p\u00fablic, trencant aix\u00ed la barrera de les exposicions on les peces no poden ser tocades per l&#8217;espectador. En una major recerca de la interacci\u00f3, deu anys despr\u00e9s, aquest afany es materialitzar\u00e0 en una altra mostra amb major interacci\u00f3 del p\u00fablic.<\/p>\n<p><img decoding=\"async\" loading=\"lazy\" class=\"wp-image-119 aligncenter\" src=\"http:\/\/marcosmesa.com\/wp-content\/uploads\/2016\/04\/mire.jpg\" alt=\"Taller 2\" width=\"796\" height=\"535\" \/><\/p>\n<p><a href=\"http:\/\/marcosmesa.com\/wp-content\/uploads\/2016\/04\/mirIMG_4619e.jpg\" rel=\"attachment wp-att-121\"><img decoding=\"async\" loading=\"lazy\" class=\"size-full wp-image-121 aligncenter\" src=\"http:\/\/marcosmesa.com\/wp-content\/uploads\/2016\/04\/mirIMG_4619e.jpg\" alt=\"Exposici\u00f3n Miranda\" width=\"800\" height=\"533\" srcset=\"http:\/\/marcosmesa.com\/wp-content\/uploads\/2016\/04\/mirIMG_4619e.jpg 800w, http:\/\/marcosmesa.com\/wp-content\/uploads\/2016\/04\/mirIMG_4619e-300x200.jpg 300w, http:\/\/marcosmesa.com\/wp-content\/uploads\/2016\/04\/mirIMG_4619e-768x512.jpg 768w\" sizes=\"(max-width: 800px) 100vw, 800px\" \/><\/a><\/p>\n<p><a href=\"http:\/\/marcosmesa.com\/wp-content\/uploads\/2016\/04\/mirIMG_4620.jpg\" rel=\"attachment wp-att-122\"><img decoding=\"async\" loading=\"lazy\" class=\"size-full wp-image-122 aligncenter\" src=\"http:\/\/marcosmesa.com\/wp-content\/uploads\/2016\/04\/mirIMG_4620.jpg\" alt=\"Exposici\u00f3n Miranda\" width=\"800\" height=\"533\" srcset=\"http:\/\/marcosmesa.com\/wp-content\/uploads\/2016\/04\/mirIMG_4620.jpg 800w, http:\/\/marcosmesa.com\/wp-content\/uploads\/2016\/04\/mirIMG_4620-300x200.jpg 300w, http:\/\/marcosmesa.com\/wp-content\/uploads\/2016\/04\/mirIMG_4620-768x512.jpg 768w\" sizes=\"(max-width: 800px) 100vw, 800px\" \/><\/a><\/p>\n<p><a href=\"http:\/\/marcosmesa.com\/wp-content\/uploads\/2016\/02\/tocar.jpg\" rel=\"attachment wp-att-466\"><img decoding=\"async\" loading=\"lazy\" class=\"size-full wp-image-466 aligncenter\" src=\"http:\/\/marcosmesa.com\/wp-content\/uploads\/2016\/02\/tocar.jpg\" alt=\"Prensa\" width=\"770\" height=\"1000\" srcset=\"http:\/\/marcosmesa.com\/wp-content\/uploads\/2016\/02\/tocar.jpg 770w, http:\/\/marcosmesa.com\/wp-content\/uploads\/2016\/02\/tocar-231x300.jpg 231w, http:\/\/marcosmesa.com\/wp-content\/uploads\/2016\/02\/tocar-768x997.jpg 768w\" sizes=\"(max-width: 770px) 100vw, 770px\" \/><\/a><\/p>\n<\/div>\n<p><\/p>","protected":false},"excerpt":{"rendered":"<p>Dins el marc de conviv\u00e8ncies al Taller Art\u00edstic de Miranda de Ebro i l&#8217;Alberg Juvenil Fern\u00e1n Gonz\u00e1lez de Miranda de Ebro, va tenir lloc una estada de creaci\u00f3 d&#8217;obres pict\u00f2riques amb vocaci\u00f3 t\u00e0ctil que van desembocar en la finalitzaci\u00f3 del projecte &#8220;Pintura i Tacte&#8221; amb una exposici\u00f3 a la ciutat. &#8220;Pintura i Tacte&#8221; es va [&hellip;]<\/p>\n","protected":false},"author":1,"featured_media":120,"comment_status":"open","ping_status":"open","sticky":false,"template":"","format":"standard","meta":[],"categories":[10,9],"tags":[],"_links":{"self":[{"href":"http:\/\/marcosmesa.com\/ca\/wp-json\/wp\/v2\/posts\/116"}],"collection":[{"href":"http:\/\/marcosmesa.com\/ca\/wp-json\/wp\/v2\/posts"}],"about":[{"href":"http:\/\/marcosmesa.com\/ca\/wp-json\/wp\/v2\/types\/post"}],"author":[{"embeddable":true,"href":"http:\/\/marcosmesa.com\/ca\/wp-json\/wp\/v2\/users\/1"}],"replies":[{"embeddable":true,"href":"http:\/\/marcosmesa.com\/ca\/wp-json\/wp\/v2\/comments?post=116"}],"version-history":[{"count":10,"href":"http:\/\/marcosmesa.com\/ca\/wp-json\/wp\/v2\/posts\/116\/revisions"}],"predecessor-version":[{"id":848,"href":"http:\/\/marcosmesa.com\/ca\/wp-json\/wp\/v2\/posts\/116\/revisions\/848"}],"wp:featuredmedia":[{"embeddable":true,"href":"http:\/\/marcosmesa.com\/ca\/wp-json\/wp\/v2\/media\/120"}],"wp:attachment":[{"href":"http:\/\/marcosmesa.com\/ca\/wp-json\/wp\/v2\/media?parent=116"}],"wp:term":[{"taxonomy":"category","embeddable":true,"href":"http:\/\/marcosmesa.com\/ca\/wp-json\/wp\/v2\/categories?post=116"},{"taxonomy":"post_tag","embeddable":true,"href":"http:\/\/marcosmesa.com\/ca\/wp-json\/wp\/v2\/tags?post=116"}],"curies":[{"name":"wp","href":"https:\/\/api.w.org\/{rel}","templated":true}]}}