{"id":153,"date":"2016-04-10T16:58:46","date_gmt":"2016-04-10T16:58:46","guid":{"rendered":"http:\/\/marcosmesa.com\/?p=153"},"modified":"2016-10-19T19:46:36","modified_gmt":"2016-10-19T19:46:36","slug":"exposicion-la-sala-jove-barcelona","status":"publish","type":"post","link":"http:\/\/marcosmesa.com\/ca\/2016\/04\/10\/exposicion-la-sala-jove-barcelona\/","title":{"rendered":"Exposici\u00f3 a la Sala d\u2019Art Jove de Barcelona"},"content":{"rendered":"<p><\/p>\n<div>\n<p><a href=\"http:\/\/marcosmesa.com\/wp-content\/uploads\/2016\/04\/kippel.jpg\" rel=\"attachment wp-att-154\"><img decoding=\"async\" loading=\"lazy\" class=\"wp-image-154 aligncenter\" src=\"http:\/\/marcosmesa.com\/wp-content\/uploads\/2016\/04\/kippel.jpg\" alt=\"Flyer m\u00e1quinas no perfectas\" width=\"911\" height=\"618\" \/><\/a><\/p>\n<p>Durant la meva vida a Barcelona, amb aprenentatge professional a un laboratori fotogr\u00e0fic anomenat <i>Ribocolor<\/i> dedicat a la fotografia de producte i a l\u2019estudi fotogr\u00e0fic, vaig deixar els llapis i la tinta per treballar amb la fotografia anal\u00f2gica d&#8217;estudi. Com a conseq\u00fc\u00e8ncia de l&#8217;experimentaci\u00f3 fotogr\u00e0fica i l&#8217;adquisici\u00f3 d&#8217;una ampliadora, vaig crear el meu propi laboratori dom\u00e8stic. D\u2019aquesta manera sorgeix el meu primer projecte fotogr\u00e0fic: &#8220;Kippel-M\u00e0quines no perfectes&#8221;.<\/p>\n<p>\u201cKippel-M\u00e0quines no perfectes\u201d va constituir una exposici\u00f3 de fotografia a la Sala d\u2019Art Jove de la Generalitat de Catalunya. El projecte es va inspirar en la idea de mons futurs dins l&#8217;univers de la novel\u00b7la <i>&#8220;Somien els androides amb ovelles el\u00e8ctriques?&#8221;<\/i> De l&#8217;escriptor <a title=\"Philip K. Dick\" href=\"https:\/\/es.wikipedia.org\/wiki\/Philip_K._Dick\">Philip K. Dick<\/a>. &#8220;Kippel&#8221;, teoria de l&#8217;escriptor, explica com els objectes de mida petita de la societat humana envaeixen els calaixos fins a omplir les cases de petits objectes d\u2019\u00fas desconegut. \u00c9s en aquesta teoria on comen\u00e7o a utilitzar petits objectes en les composicions fotogr\u00e0fiques dins el proc\u00e9s creatiu i experimental.<\/p>\n<div id=\"attachment_156\" style=\"width: 621px\" class=\"wp-caption aligncenter\"><a href=\"http:\/\/marcosmesa.com\/wp-content\/uploads\/2016\/04\/belio_2-1.jpg\" rel=\"attachment wp-att-156\"><img aria-describedby=\"caption-attachment-156\" decoding=\"async\" loading=\"lazy\" class=\"wp-image-156 \" src=\"http:\/\/marcosmesa.com\/wp-content\/uploads\/2016\/04\/belio_2-1.jpg\" alt=\"Revista Belio 1\" width=\"611\" height=\"471\" \/><\/a><p id=\"caption-attachment-156\" class=\"wp-caption-text\">Algunas de las fotograf\u00edas se divulgaron en revistas creativas:\u00a0Revista Belio de Madrid y Barcelona<\/p><\/div>\n<p><a href=\"http:\/\/marcosmesa.com\/wp-content\/uploads\/2016\/04\/robot-1.jpg\" rel=\"attachment wp-att-157\"><img decoding=\"async\" loading=\"lazy\" class=\"size-full wp-image-157 aligncenter\" src=\"http:\/\/marcosmesa.com\/wp-content\/uploads\/2016\/04\/robot-1.jpg\" alt=\"Revista Belio 2\" width=\"600\" height=\"467\" srcset=\"http:\/\/marcosmesa.com\/wp-content\/uploads\/2016\/04\/robot-1.jpg 600w, http:\/\/marcosmesa.com\/wp-content\/uploads\/2016\/04\/robot-1-300x234.jpg 300w\" sizes=\"(max-width: 600px) 100vw, 600px\" \/><\/a><\/p>\n<div><\/div>\n<\/div>\n<p><\/p>","protected":false},"excerpt":{"rendered":"<p>Durant la meva vida a Barcelona, amb aprenentatge professional a un laboratori fotogr\u00e0fic anomenat Ribocolor dedicat a la fotografia de producte i a l\u2019estudi fotogr\u00e0fic, vaig deixar els llapis i la tinta per treballar amb la fotografia anal\u00f2gica d&#8217;estudi. Com a conseq\u00fc\u00e8ncia de l&#8217;experimentaci\u00f3 fotogr\u00e0fica i l&#8217;adquisici\u00f3 d&#8217;una ampliadora, vaig crear el meu propi laboratori [&hellip;]<\/p>\n","protected":false},"author":1,"featured_media":316,"comment_status":"open","ping_status":"open","sticky":false,"template":"","format":"standard","meta":[],"categories":[5,10],"tags":[],"_links":{"self":[{"href":"http:\/\/marcosmesa.com\/ca\/wp-json\/wp\/v2\/posts\/153"}],"collection":[{"href":"http:\/\/marcosmesa.com\/ca\/wp-json\/wp\/v2\/posts"}],"about":[{"href":"http:\/\/marcosmesa.com\/ca\/wp-json\/wp\/v2\/types\/post"}],"author":[{"embeddable":true,"href":"http:\/\/marcosmesa.com\/ca\/wp-json\/wp\/v2\/users\/1"}],"replies":[{"embeddable":true,"href":"http:\/\/marcosmesa.com\/ca\/wp-json\/wp\/v2\/comments?post=153"}],"version-history":[{"count":14,"href":"http:\/\/marcosmesa.com\/ca\/wp-json\/wp\/v2\/posts\/153\/revisions"}],"predecessor-version":[{"id":860,"href":"http:\/\/marcosmesa.com\/ca\/wp-json\/wp\/v2\/posts\/153\/revisions\/860"}],"wp:featuredmedia":[{"embeddable":true,"href":"http:\/\/marcosmesa.com\/ca\/wp-json\/wp\/v2\/media\/316"}],"wp:attachment":[{"href":"http:\/\/marcosmesa.com\/ca\/wp-json\/wp\/v2\/media?parent=153"}],"wp:term":[{"taxonomy":"category","embeddable":true,"href":"http:\/\/marcosmesa.com\/ca\/wp-json\/wp\/v2\/categories?post=153"},{"taxonomy":"post_tag","embeddable":true,"href":"http:\/\/marcosmesa.com\/ca\/wp-json\/wp\/v2\/tags?post=153"}],"curies":[{"name":"wp","href":"https:\/\/api.w.org\/{rel}","templated":true}]}}