{"id":172,"date":"2016-04-10T17:21:41","date_gmt":"2016-04-10T17:21:41","guid":{"rendered":"http:\/\/marcosmesa.com\/?p=172"},"modified":"2016-10-19T19:08:19","modified_gmt":"2016-10-19T19:08:19","slug":"exposicion-colectiva-los-principios-del-arte","status":"publish","type":"post","link":"http:\/\/marcosmesa.com\/ca\/2016\/04\/10\/exposicion-colectiva-los-principios-del-arte\/","title":{"rendered":"Exposici\u00f3 col\u00b7lectiva \u201cEls Principis de l&#8217;Art\u201d"},"content":{"rendered":"<p><\/p>\n<div>\n<p><a href=\"http:\/\/marcosmesa.com\/wp-content\/uploads\/2016\/04\/DUCHA-DE-LATAS__.jpg\" rel=\"attachment wp-att-173\"><img decoding=\"async\" loading=\"lazy\" class=\"alignleft wp-image-173\" src=\"http:\/\/marcosmesa.com\/wp-content\/uploads\/2016\/04\/DUCHA-DE-LATAS__.jpg\" alt=\"Obra seleccionada por su particularidad creativa\" width=\"283\" height=\"308\" \/><\/a><\/p>\n<p style=\"text-align: justify;\">Dins el marc de l\u2019Espai de Creaci\u00f3 del Districte madrileny de Moncloa-Aravaca, t\u00e9 lloc la mostra \u201cEls Principis de l&#8217;Art\u201d, una exposici\u00f3 per donar a con\u00e8ixer les primeres passes de vuit artistes emergents.<\/p>\n<p style=\"text-align: justify;\">En una recerca del llenguatge pl\u00e0stic, se&#8217;ns demanen obres experimentals. \u00c9s anecd\u00f2tic que, a m\u00e9s a m\u00e9s de les obres proposades, es va demanar una pintura que marqu\u00e9s els propers passos de l&#8217;artista. Els organitzadors van reclamar l&#8217;obra despr\u00e9s de veure-la en la p\u00e0gina web de Marcos Mesa.<\/p>\n<p style=\"text-align: justify;\">Es tracta del collage pict\u00f2ric &#8220;Dutxa de llaunes&#8221; que marcaria la tend\u00e8ncia els propers set anys de poesia visual amb objectes sobre tela. Aquesta pintura va formar part dels treballs de l&#8217;artista a la Universitat de Barcelona.<\/p>\n<div><\/div>\n<p><a href=\"http:\/\/marcosmesa.com\/wp-content\/uploads\/2016\/04\/expo.jpg\" rel=\"attachment wp-att-138\"><img decoding=\"async\" loading=\"lazy\" class=\"alignnone size-full wp-image-138\" src=\"http:\/\/marcosmesa.com\/wp-content\/uploads\/2016\/04\/expo.jpg\" alt=\"Cr\u00edtica\" width=\"1200\" height=\"741\" srcset=\"http:\/\/marcosmesa.com\/wp-content\/uploads\/2016\/04\/expo.jpg 1200w, http:\/\/marcosmesa.com\/wp-content\/uploads\/2016\/04\/expo-300x185.jpg 300w, http:\/\/marcosmesa.com\/wp-content\/uploads\/2016\/04\/expo-768x474.jpg 768w, http:\/\/marcosmesa.com\/wp-content\/uploads\/2016\/04\/expo-1024x632.jpg 1024w\" sizes=\"(max-width: 1200px) 100vw, 1200px\" \/><\/a><\/p>\n<p><a href=\"http:\/\/marcosmesa.com\/wp-content\/uploads\/2016\/04\/princw0.jpg\" rel=\"attachment wp-att-223\"><img decoding=\"async\" loading=\"lazy\" class=\"alignnone wp-image-223\" src=\"http:\/\/marcosmesa.com\/wp-content\/uploads\/2016\/04\/princw0.jpg\" alt=\"Exposici\u00f3n\" width=\"734\" height=\"490\" \/><\/a><\/p>\n<p><a href=\"http:\/\/marcosmesa.com\/wp-content\/uploads\/2016\/04\/artep2.jpg\" rel=\"attachment wp-att-221\"><img decoding=\"async\" loading=\"lazy\" class=\"alignnone wp-image-221\" src=\"http:\/\/marcosmesa.com\/wp-content\/uploads\/2016\/04\/artep2.jpg\" alt=\"Exposici\u00f3n Los Principios del Arte\" width=\"731\" height=\"403\" \/><\/a><\/p>\n<p><a href=\"http:\/\/marcosmesa.com\/wp-content\/uploads\/2016\/04\/artep4.jpg\" rel=\"attachment wp-att-222\"><img decoding=\"async\" loading=\"lazy\" class=\"alignnone wp-image-222\" src=\"http:\/\/marcosmesa.com\/wp-content\/uploads\/2016\/04\/artep4.jpg\" alt=\"Exposici\u00f3n Los Principios del Arte\" width=\"736\" height=\"558\" \/><\/a><\/p>\n<div><\/div>\n<\/div>\n<p><\/p>","protected":false},"excerpt":{"rendered":"<p>Dins el marc de l\u2019Espai de Creaci\u00f3 del Districte madrileny de Moncloa-Aravaca, t\u00e9 lloc la mostra \u201cEls Principis de l&#8217;Art\u201d, una exposici\u00f3 per donar a con\u00e8ixer les primeres passes de vuit artistes emergents. En una recerca del llenguatge pl\u00e0stic, se&#8217;ns demanen obres experimentals. \u00c9s anecd\u00f2tic que, a m\u00e9s a m\u00e9s de les obres proposades, es [&hellip;]<\/p>\n","protected":false},"author":1,"featured_media":318,"comment_status":"open","ping_status":"open","sticky":false,"template":"","format":"standard","meta":[],"categories":[5,8],"tags":[],"_links":{"self":[{"href":"http:\/\/marcosmesa.com\/ca\/wp-json\/wp\/v2\/posts\/172"}],"collection":[{"href":"http:\/\/marcosmesa.com\/ca\/wp-json\/wp\/v2\/posts"}],"about":[{"href":"http:\/\/marcosmesa.com\/ca\/wp-json\/wp\/v2\/types\/post"}],"author":[{"embeddable":true,"href":"http:\/\/marcosmesa.com\/ca\/wp-json\/wp\/v2\/users\/1"}],"replies":[{"embeddable":true,"href":"http:\/\/marcosmesa.com\/ca\/wp-json\/wp\/v2\/comments?post=172"}],"version-history":[{"count":11,"href":"http:\/\/marcosmesa.com\/ca\/wp-json\/wp\/v2\/posts\/172\/revisions"}],"predecessor-version":[{"id":841,"href":"http:\/\/marcosmesa.com\/ca\/wp-json\/wp\/v2\/posts\/172\/revisions\/841"}],"wp:featuredmedia":[{"embeddable":true,"href":"http:\/\/marcosmesa.com\/ca\/wp-json\/wp\/v2\/media\/318"}],"wp:attachment":[{"href":"http:\/\/marcosmesa.com\/ca\/wp-json\/wp\/v2\/media?parent=172"}],"wp:term":[{"taxonomy":"category","embeddable":true,"href":"http:\/\/marcosmesa.com\/ca\/wp-json\/wp\/v2\/categories?post=172"},{"taxonomy":"post_tag","embeddable":true,"href":"http:\/\/marcosmesa.com\/ca\/wp-json\/wp\/v2\/tags?post=172"}],"curies":[{"name":"wp","href":"https:\/\/api.w.org\/{rel}","templated":true}]}}