{"id":354,"date":"2016-02-04T15:44:58","date_gmt":"2016-02-04T15:44:58","guid":{"rendered":"http:\/\/marcosmesa.com\/?p=354"},"modified":"2016-10-20T17:35:01","modified_gmt":"2016-10-20T17:35:01","slug":"exposicion-doble-espacio-museo-del-libro-burgos","status":"publish","type":"post","link":"http:\/\/marcosmesa.com\/ca\/2016\/02\/04\/exposicion-doble-espacio-museo-del-libro-burgos\/","title":{"rendered":"Exposici\u00f3 Doble Espai al Museu del Llibre de Burgos"},"content":{"rendered":"<p><\/p>\n<div>\n<div class=\"western\">\n<p style=\"text-align: justify;\"><span style=\"color: #ffffff;\"><a style=\"color: #ffffff;\" href=\"http:\/\/marcosmesa.com\/wp-content\/uploads\/2016\/04\/museolib2.jpg\" rel=\"attachment wp-att-235\"><img decoding=\"async\" loading=\"lazy\" class=\"wp-image-235 alignleft\" src=\"http:\/\/marcosmesa.com\/wp-content\/uploads\/2016\/04\/museolib2.jpg\" alt=\"Arqueolog\u00eda po\u00e9tica\" width=\"386\" height=\"837\" \/><\/a>L&#8217;exposici\u00f3 de poesia visual-fotografia s\u2019anomena &#8220;<i>Arqueologia po\u00e8tica<\/i>&#8221; de l&#8217;artista Burgal\u00e8s Marcos Mesa. \u00c9s una iniciativa del Museu del Llibre Fadrique de Basilea de Burgos anomenada &#8220;<i>Doble Espai<\/i>&#8220;, que consisteix a complementar espais del museu amb petites micro exposicions d&#8217;artistes de la ciutat. En aquest cas, l&#8217;exposici\u00f3 Arqueologia Po\u00e8tica \u00e9s una mostra de diverses peces fotogr\u00e0fiques sobre alumini i metacrilat. Les composicions es componen d&#8217;objectes &#8220;<i>trobats<\/i>&#8221; de naturalesa met\u00e0l\u00b7lica. L&#8217;exposici\u00f3 \u00e9s una extensi\u00f3 del projecte &#8220;<i>Poemes de metall<\/i>&#8221; constitu\u00efda amb fotografies de poemes-objecte.<\/span><\/p>\n<p style=\"text-align: justify;\"><span style=\"color: #ffffff;\">\u00a0Marcos Mesa \u00e9s Llicenciat en Belles Arts i M\u00e0ster en Disseny gr\u00e0fic editorial, amb especialitzaci\u00f3 en direcci\u00f3 d&#8217;art. Les seves primeres fotografies d&#8217;objectes les realitza a Barcelona, treballant diversos anys com a fot\u00f2graf de productes per a cat\u00e0legs comercials en un estudi de fotografia dedicat al disseny industrial.<\/span><\/p>\n<p style=\"text-align: justify;\"><span style=\"color: #ffffff;\">El poema visual \u00e9s un g\u00e8nere art\u00edstic que va tenir com a precursor Joan Brossa, tot i que es pot datar el seu origen en corrents art\u00edstics anteriors com les Avantguardes, el Dadaisme i el Surrealisme.<\/span><\/p>\n<p style=\"text-align: justify;\"><span style=\"color: #ffffff;\">Es basa en l\u2019artifici o la met\u00e0fora visual. Actualment, podem veure poemes visuals de forma habitual en mitjans gr\u00e0fics i en publicitat.<\/span><\/p>\n<\/div>\n<div class=\"western\" lang=\"\" style=\"text-align: justify;\"><span style=\"color: #ffffff;\">\u00a0<\/span><\/div>\n<\/div>\n<p><\/p>","protected":false},"excerpt":{"rendered":"<p>L&#8217;exposici\u00f3 de poesia visual-fotografia s\u2019anomena &#8220;Arqueologia po\u00e8tica&#8221; de l&#8217;artista Burgal\u00e8s Marcos Mesa. \u00c9s una iniciativa del Museu del Llibre Fadrique de Basilea de Burgos anomenada &#8220;Doble Espai&#8220;, que consisteix a complementar espais del museu amb petites micro exposicions d&#8217;artistes de la ciutat. En aquest cas, l&#8217;exposici\u00f3 Arqueologia Po\u00e8tica \u00e9s una mostra de diverses peces fotogr\u00e0fiques [&hellip;]<\/p>\n","protected":false},"author":1,"featured_media":240,"comment_status":"open","ping_status":"open","sticky":false,"template":"","format":"standard","meta":[],"categories":[5],"tags":[],"_links":{"self":[{"href":"http:\/\/marcosmesa.com\/ca\/wp-json\/wp\/v2\/posts\/354"}],"collection":[{"href":"http:\/\/marcosmesa.com\/ca\/wp-json\/wp\/v2\/posts"}],"about":[{"href":"http:\/\/marcosmesa.com\/ca\/wp-json\/wp\/v2\/types\/post"}],"author":[{"embeddable":true,"href":"http:\/\/marcosmesa.com\/ca\/wp-json\/wp\/v2\/users\/1"}],"replies":[{"embeddable":true,"href":"http:\/\/marcosmesa.com\/ca\/wp-json\/wp\/v2\/comments?post=354"}],"version-history":[{"count":8,"href":"http:\/\/marcosmesa.com\/ca\/wp-json\/wp\/v2\/posts\/354\/revisions"}],"predecessor-version":[{"id":863,"href":"http:\/\/marcosmesa.com\/ca\/wp-json\/wp\/v2\/posts\/354\/revisions\/863"}],"wp:featuredmedia":[{"embeddable":true,"href":"http:\/\/marcosmesa.com\/ca\/wp-json\/wp\/v2\/media\/240"}],"wp:attachment":[{"href":"http:\/\/marcosmesa.com\/ca\/wp-json\/wp\/v2\/media?parent=354"}],"wp:term":[{"taxonomy":"category","embeddable":true,"href":"http:\/\/marcosmesa.com\/ca\/wp-json\/wp\/v2\/categories?post=354"},{"taxonomy":"post_tag","embeddable":true,"href":"http:\/\/marcosmesa.com\/ca\/wp-json\/wp\/v2\/tags?post=354"}],"curies":[{"name":"wp","href":"https:\/\/api.w.org\/{rel}","templated":true}]}}