{"id":709,"date":"2016-01-15T14:59:12","date_gmt":"2016-01-15T14:59:12","guid":{"rendered":"http:\/\/marcosmesa.com\/?p=709"},"modified":"2016-10-19T19:29:08","modified_gmt":"2016-10-19T19:29:08","slug":"poemas-sobre-lienzo","status":"publish","type":"post","link":"http:\/\/marcosmesa.com\/ca\/2016\/01\/15\/poemas-sobre-lienzo\/","title":{"rendered":"Poemes sobre tela y fusta"},"content":{"rendered":"<p><\/p>\n<div>\n<p style=\"text-align: justify;\">Els poemes sobre tela s\u00f3n peces pict\u00f2riques del g\u00e8nere de la poesia visual i els poemes objecte, amb Joan Brossa com a precursor. Marcos Mesa experimenta a fons amb la poesia visual a trav\u00e9s dels estris afegint t\u00e8cniques pict\u00f2riques de diversa naturalesa que advoquen per un esperit ancestral i primitiu.<\/p>\n<p style=\"text-align: justify;\">Les teles es basen en la conceptualitat de l&#8217;estri aix\u00ed com de l\u2019artifici i la descontextualitzaci\u00f3 de l&#8217;objecte. Molts dels objectes amb qu\u00e8 treballa l&#8217;artista s\u00f3n trobats, per la qual cosa moltes obres denoten la c\u00e0rrega de l&#8217;entorn.<\/p>\n<div><\/div>\n<div id=\"attachment_381\" style=\"width: 476px\" class=\"wp-caption alignnone\"><a href=\"http:\/\/marcosmesa.com\/wp-content\/uploads\/2016\/04\/5.jpg\" rel=\"attachment wp-att-381\"><img aria-describedby=\"caption-attachment-381\" decoding=\"async\" loading=\"lazy\" class=\"wp-image-381\" src=\"http:\/\/marcosmesa.com\/wp-content\/uploads\/2016\/04\/5.jpg\" alt=\"Hombre sill\u00edn\" width=\"466\" height=\"711\" \/><\/a><p id=\"caption-attachment-381\" class=\"wp-caption-text\">Mantis &#8211; 100 x 65cm Mixta y ensamblaje sobre madera<\/p><\/div>\n<div id=\"attachment_398\" style=\"width: 511px\" class=\"wp-caption alignnone\"><a href=\"http:\/\/marcosmesa.com\/wp-content\/uploads\/2016\/04\/dux.jpg\" rel=\"attachment wp-att-398\"><img aria-describedby=\"caption-attachment-398\" decoding=\"async\" loading=\"lazy\" class=\"wp-image-398 size-full\" src=\"http:\/\/marcosmesa.com\/wp-content\/uploads\/2016\/04\/dux.jpg\" alt=\"Ducha de latas\" width=\"501\" height=\"600\" srcset=\"http:\/\/marcosmesa.com\/wp-content\/uploads\/2016\/04\/dux.jpg 501w, http:\/\/marcosmesa.com\/wp-content\/uploads\/2016\/04\/dux-251x300.jpg 251w\" sizes=\"(max-width: 501px) 100vw, 501px\" \/><\/a><p id=\"caption-attachment-398\" class=\"wp-caption-text\">Ducha de latas &#8211; 100 X 81cm- Mixta y collage sobre madera- Col. Particular<\/p><\/div>\n<div id=\"attachment_385\" style=\"width: 710px\" class=\"wp-caption alignnone\"><a href=\"http:\/\/marcosmesa.com\/wp-content\/uploads\/2016\/04\/lienzo1.jpg\" rel=\"attachment wp-att-385\"><img aria-describedby=\"caption-attachment-385\" decoding=\"async\" loading=\"lazy\" class=\"wp-image-385 size-full\" src=\"http:\/\/marcosmesa.com\/wp-content\/uploads\/2016\/04\/lienzo1.jpg\" alt=\"Sin T\u00edtulo\" width=\"700\" height=\"676\" srcset=\"http:\/\/marcosmesa.com\/wp-content\/uploads\/2016\/04\/lienzo1.jpg 700w, http:\/\/marcosmesa.com\/wp-content\/uploads\/2016\/04\/lienzo1-300x290.jpg 300w\" sizes=\"(max-width: 700px) 100vw, 700px\" \/><\/a><p id=\"caption-attachment-385\" class=\"wp-caption-text\">Ave del campo &#8211; 100 x 100 cm T\u00e9cnica mixta y ensamblaje de objetos sobre madera-Colecci\u00f3n particular<\/p><\/div>\n<div id=\"attachment_382\" style=\"width: 476px\" class=\"wp-caption alignnone\"><a href=\"http:\/\/marcosmesa.com\/wp-content\/uploads\/2016\/04\/6.jpg\" rel=\"attachment wp-att-382\"><img aria-describedby=\"caption-attachment-382\" decoding=\"async\" loading=\"lazy\" class=\"wp-image-382 size-full\" src=\"http:\/\/marcosmesa.com\/wp-content\/uploads\/2016\/04\/6.jpg\" alt=\"Flor de planchas\" width=\"466\" height=\"700\" srcset=\"http:\/\/marcosmesa.com\/wp-content\/uploads\/2016\/04\/6.jpg 466w, http:\/\/marcosmesa.com\/wp-content\/uploads\/2016\/04\/6-200x300.jpg 200w\" sizes=\"(max-width: 466px) 100vw, 466px\" \/><\/a><p id=\"caption-attachment-382\" class=\"wp-caption-text\">Flor dom\u00e9stica &#8211; 123 x 81 cm &#8211; mixta y ensamblaje sobre madera<\/p><\/div>\n<div id=\"attachment_383\" style=\"width: 471px\" class=\"wp-caption alignnone\"><a href=\"http:\/\/marcosmesa.com\/wp-content\/uploads\/2016\/04\/9.jpg\" rel=\"attachment wp-att-383\"><img aria-describedby=\"caption-attachment-383\" decoding=\"async\" loading=\"lazy\" class=\"wp-image-383 size-full\" src=\"http:\/\/marcosmesa.com\/wp-content\/uploads\/2016\/04\/9.jpg\" alt=\"El abrazo\" width=\"461\" height=\"700\" srcset=\"http:\/\/marcosmesa.com\/wp-content\/uploads\/2016\/04\/9.jpg 461w, http:\/\/marcosmesa.com\/wp-content\/uploads\/2016\/04\/9-198x300.jpg 198w\" sizes=\"(max-width: 461px) 100vw, 461px\" \/><\/a><p id=\"caption-attachment-383\" class=\"wp-caption-text\">El abrazo &#8211; 20 x 30 cm Pintura y collage de p\u00faas sobre papel<\/p><\/div>\n<div id=\"attachment_390\" style=\"width: 710px\" class=\"wp-caption alignnone\"><a href=\"http:\/\/marcosmesa.com\/wp-content\/uploads\/2016\/04\/senoras.jpg\" rel=\"attachment wp-att-390\"><img aria-describedby=\"caption-attachment-390\" decoding=\"async\" loading=\"lazy\" class=\"wp-image-390 size-full\" src=\"http:\/\/marcosmesa.com\/wp-content\/uploads\/2016\/04\/senoras.jpg\" alt=\"se\u00f1oras que conversan\" width=\"700\" height=\"650\" srcset=\"http:\/\/marcosmesa.com\/wp-content\/uploads\/2016\/04\/senoras.jpg 700w, http:\/\/marcosmesa.com\/wp-content\/uploads\/2016\/04\/senoras-300x279.jpg 300w\" sizes=\"(max-width: 700px) 100vw, 700px\" \/><\/a><p id=\"caption-attachment-390\" class=\"wp-caption-text\">Se\u00f1oras que conversan &#8211; Escultura de plomo y objetos &#8211; Colecci\u00f3n Particular<\/p><\/div>\n<div id=\"attachment_389\" style=\"width: 410px\" class=\"wp-caption alignnone\"><a href=\"http:\/\/marcosmesa.com\/wp-content\/uploads\/2016\/04\/poema3-1.jpg\" rel=\"attachment wp-att-389\"><img aria-describedby=\"caption-attachment-389\" decoding=\"async\" loading=\"lazy\" class=\"wp-image-389 size-full\" src=\"http:\/\/marcosmesa.com\/wp-content\/uploads\/2016\/04\/poema3-1.jpg\" alt=\"Melod\u00eda alada\" width=\"400\" height=\"394\" srcset=\"http:\/\/marcosmesa.com\/wp-content\/uploads\/2016\/04\/poema3-1.jpg 400w, http:\/\/marcosmesa.com\/wp-content\/uploads\/2016\/04\/poema3-1-300x296.jpg 300w\" sizes=\"(max-width: 400px) 100vw, 400px\" \/><\/a><p id=\"caption-attachment-389\" class=\"wp-caption-text\">Melod\u00eda alada &#8211; 81 x 100 cm Mixta y ensamblaje- Col. particular<\/p><\/div>\n<div id=\"attachment_388\" style=\"width: 410px\" class=\"wp-caption alignnone\"><a href=\"http:\/\/marcosmesa.com\/wp-content\/uploads\/2016\/04\/poema1-1.jpg\" rel=\"attachment wp-att-388\"><img aria-describedby=\"caption-attachment-388\" decoding=\"async\" loading=\"lazy\" class=\"wp-image-388 size-full\" src=\"http:\/\/marcosmesa.com\/wp-content\/uploads\/2016\/04\/poema1-1.jpg\" alt=\"Cuervo\" width=\"400\" height=\"394\" srcset=\"http:\/\/marcosmesa.com\/wp-content\/uploads\/2016\/04\/poema1-1.jpg 400w, http:\/\/marcosmesa.com\/wp-content\/uploads\/2016\/04\/poema1-1-300x296.jpg 300w\" sizes=\"(max-width: 400px) 100vw, 400px\" \/><\/a><p id=\"caption-attachment-388\" class=\"wp-caption-text\">Cuervo de madera &#8211; 55 x 33 cm pintura y collage sobre piel de cordero Colecci\u00f3n particular<\/p><\/div>\n<\/div>\n<p><\/p>","protected":false},"excerpt":{"rendered":"<p>Els poemes sobre tela s\u00f3n peces pict\u00f2riques del g\u00e8nere de la poesia visual i els poemes objecte, amb Joan Brossa com a precursor. Marcos Mesa experimenta a fons amb la poesia visual a trav\u00e9s dels estris afegint t\u00e8cniques pict\u00f2riques de diversa naturalesa que advoquen per un esperit ancestral i primitiu. Les teles es basen en [&hellip;]<\/p>\n","protected":false},"author":1,"featured_media":0,"comment_status":"open","ping_status":"closed","sticky":false,"template":"","format":"standard","meta":[],"categories":[8],"tags":[],"_links":{"self":[{"href":"http:\/\/marcosmesa.com\/ca\/wp-json\/wp\/v2\/posts\/709"}],"collection":[{"href":"http:\/\/marcosmesa.com\/ca\/wp-json\/wp\/v2\/posts"}],"about":[{"href":"http:\/\/marcosmesa.com\/ca\/wp-json\/wp\/v2\/types\/post"}],"author":[{"embeddable":true,"href":"http:\/\/marcosmesa.com\/ca\/wp-json\/wp\/v2\/users\/1"}],"replies":[{"embeddable":true,"href":"http:\/\/marcosmesa.com\/ca\/wp-json\/wp\/v2\/comments?post=709"}],"version-history":[{"count":3,"href":"http:\/\/marcosmesa.com\/ca\/wp-json\/wp\/v2\/posts\/709\/revisions"}],"predecessor-version":[{"id":854,"href":"http:\/\/marcosmesa.com\/ca\/wp-json\/wp\/v2\/posts\/709\/revisions\/854"}],"wp:attachment":[{"href":"http:\/\/marcosmesa.com\/ca\/wp-json\/wp\/v2\/media?parent=709"}],"wp:term":[{"taxonomy":"category","embeddable":true,"href":"http:\/\/marcosmesa.com\/ca\/wp-json\/wp\/v2\/categories?post=709"},{"taxonomy":"post_tag","embeddable":true,"href":"http:\/\/marcosmesa.com\/ca\/wp-json\/wp\/v2\/tags?post=709"}],"curies":[{"name":"wp","href":"https:\/\/api.w.org\/{rel}","templated":true}]}}