{"id":85,"date":"2016-04-10T15:17:42","date_gmt":"2016-04-10T15:17:42","guid":{"rendered":"http:\/\/marcosmesa.com\/?p=85"},"modified":"2016-10-19T19:14:06","modified_gmt":"2016-10-19T19:14:06","slug":"itinerarios-contexto-poemas-metal","status":"publish","type":"post","link":"http:\/\/marcosmesa.com\/ca\/2016\/04\/10\/itinerarios-contexto-poemas-metal\/","title":{"rendered":"Itineraris &#8220;En context&#8221; Poemes de Metall"},"content":{"rendered":"<p>&nbsp;<\/p>\n<div>\n<p><a href=\"http:\/\/marcosmesa.com\/wp-content\/uploads\/2016\/04\/agua-1.jpg\" rel=\"attachment wp-att-100\"><img decoding=\"async\" loading=\"lazy\" class=\" wp-image-100 alignleft\" src=\"http:\/\/marcosmesa.com\/wp-content\/uploads\/2016\/04\/agua-1.jpg\" alt=\"Exposici\u00f3n Caf\u00e9 Aguardiente\" width=\"348\" height=\"430\" \/><\/a><\/p>\n<p style=\"text-align: justify;\">Itineraris \u201c<i>En Context<\/i>\u201d forma part d&#8217;un projecte expositiu a les sales d&#8217;oci madrileny per donar a con\u00e8ixer obres de poesia visual amb objectes en suport fotogr\u00e0fic. Dins el doble joc conceptual-decoratiu s&#8217;han buscat una s\u00e8rie de peces de gran format i de mida petita segons els espais de les diferents sales.<\/p>\n<p style=\"text-align: justify;\">Entre els diferents llocs, les obres han recorregut zones de Lavapi\u00e9s, La Latina, Huertas i Malasa\u00f1a, sent presents en caf\u00e8s com l\u2019Aiguardent, La Corolla, La Caracola, caf\u00e8 la Piola etc&#8230;<\/p>\n<p style=\"text-align: justify;\"><b>Poemes de Metall<\/b><\/p>\n<p style=\"text-align: justify;\">Les diferents mostres formen part de la s\u00e8rie expositiva &#8220;Poemes de Metall&#8221;, una s\u00e8rie de composicions amb estris met\u00e0l\u00b7lics i fons de metall on la llum juga un paper essencial en el proc\u00e9s de descontextualitzaci\u00f3 o construcci\u00f3 d&#8217;aquesta esp\u00e8cie de natures mortes. Aquests &#8220;poemes visuals amb objectes&#8221;, a difer\u00e8ncia de la poesia visual gr\u00e0fica, consten d&#8217;un objecte-poema que en aquest cas \u00e9s presentat en suport fotogr\u00e0fics, s\u00f3n una s\u00e8rie de fotografies realitzades amb objectes com a elements principals de la composici\u00f3.<\/p>\n<p style=\"text-align: justify;\">Els objectes s\u00f3n descontextualitzats segons la pe\u00e7a i busquen certa complicitat amb l&#8217;espectador que ha de seguir el joc visual cap a m\u00faltiples lectures.<\/p>\n<div id=\"attachment_142\" style=\"width: 710px\" class=\"wp-caption aligncenter\"><a href=\"http:\/\/marcosmesa.com\/wp-content\/uploads\/2016\/04\/calle20.jpg\" rel=\"attachment wp-att-142\"><img aria-describedby=\"caption-attachment-142\" decoding=\"async\" loading=\"lazy\" class=\"wp-image-142 size-full\" src=\"http:\/\/marcosmesa.com\/wp-content\/uploads\/2016\/04\/calle20.jpg\" alt=\"Columna en Calle 20\" width=\"700\" height=\"438\" srcset=\"http:\/\/marcosmesa.com\/wp-content\/uploads\/2016\/04\/calle20.jpg 700w, http:\/\/marcosmesa.com\/wp-content\/uploads\/2016\/04\/calle20-300x188.jpg 300w\" sizes=\"(max-width: 700px) 100vw, 700px\" \/><\/a><p id=\"caption-attachment-142\" class=\"wp-caption-text\">Columna en la revista Cultural Calle 20 Madrid con las exposiciones en las zonas de Madrid<\/p><\/div>\n<p><a href=\"http:\/\/marcosmesa.com\/wp-content\/uploads\/2016\/04\/agua3.jpg\" rel=\"attachment wp-att-94\"><img decoding=\"async\" loading=\"lazy\" class=\"wp-image-94 aligncenter\" src=\"http:\/\/marcosmesa.com\/wp-content\/uploads\/2016\/04\/agua3.jpg\" alt=\"Caf\u00e9 Aguardiente\" width=\"695\" height=\"460\" \/><\/a><\/p>\n<p><a href=\"http:\/\/marcosmesa.com\/wp-content\/uploads\/2016\/04\/corolla.jpg\" rel=\"attachment wp-att-97\"><img decoding=\"async\" loading=\"lazy\" class=\" wp-image-97 aligncenter\" src=\"http:\/\/marcosmesa.com\/wp-content\/uploads\/2016\/04\/corolla.jpg\" alt=\"Proyecto En Contexto\" width=\"700\" height=\"429\" srcset=\"http:\/\/marcosmesa.com\/wp-content\/uploads\/2016\/04\/corolla.jpg 700w, http:\/\/marcosmesa.com\/wp-content\/uploads\/2016\/04\/corolla-300x184.jpg 300w\" sizes=\"(max-width: 700px) 100vw, 700px\" \/><\/a><\/p>\n<p><a href=\"http:\/\/marcosmesa.com\/wp-content\/uploads\/2016\/04\/caracola1.jpg\" rel=\"attachment wp-att-96\"><img decoding=\"async\" loading=\"lazy\" class=\" wp-image-96 aligncenter\" src=\"http:\/\/marcosmesa.com\/wp-content\/uploads\/2016\/04\/caracola1.jpg\" alt=\"caracola1\" width=\"698\" height=\"382\" srcset=\"http:\/\/marcosmesa.com\/wp-content\/uploads\/2016\/04\/caracola1.jpg 800w, http:\/\/marcosmesa.com\/wp-content\/uploads\/2016\/04\/caracola1-300x164.jpg 300w, http:\/\/marcosmesa.com\/wp-content\/uploads\/2016\/04\/caracola1-768x420.jpg 768w\" sizes=\"(max-width: 698px) 100vw, 698px\" \/><\/a><\/p>\n<\/div>\n<p><\/p>","protected":false},"excerpt":{"rendered":"<p>&nbsp; Itineraris \u201cEn Context\u201d forma part d&#8217;un projecte expositiu a les sales d&#8217;oci madrileny per donar a con\u00e8ixer obres de poesia visual amb objectes en suport fotogr\u00e0fic. Dins el doble joc conceptual-decoratiu s&#8217;han buscat una s\u00e8rie de peces de gran format i de mida petita segons els espais de les diferents sales. Entre els diferents [&hellip;]<\/p>\n","protected":false},"author":1,"featured_media":112,"comment_status":"open","ping_status":"open","sticky":false,"template":"","format":"standard","meta":[],"categories":[5],"tags":[],"_links":{"self":[{"href":"http:\/\/marcosmesa.com\/ca\/wp-json\/wp\/v2\/posts\/85"}],"collection":[{"href":"http:\/\/marcosmesa.com\/ca\/wp-json\/wp\/v2\/posts"}],"about":[{"href":"http:\/\/marcosmesa.com\/ca\/wp-json\/wp\/v2\/types\/post"}],"author":[{"embeddable":true,"href":"http:\/\/marcosmesa.com\/ca\/wp-json\/wp\/v2\/users\/1"}],"replies":[{"embeddable":true,"href":"http:\/\/marcosmesa.com\/ca\/wp-json\/wp\/v2\/comments?post=85"}],"version-history":[{"count":16,"href":"http:\/\/marcosmesa.com\/ca\/wp-json\/wp\/v2\/posts\/85\/revisions"}],"predecessor-version":[{"id":846,"href":"http:\/\/marcosmesa.com\/ca\/wp-json\/wp\/v2\/posts\/85\/revisions\/846"}],"wp:featuredmedia":[{"embeddable":true,"href":"http:\/\/marcosmesa.com\/ca\/wp-json\/wp\/v2\/media\/112"}],"wp:attachment":[{"href":"http:\/\/marcosmesa.com\/ca\/wp-json\/wp\/v2\/media?parent=85"}],"wp:term":[{"taxonomy":"category","embeddable":true,"href":"http:\/\/marcosmesa.com\/ca\/wp-json\/wp\/v2\/categories?post=85"},{"taxonomy":"post_tag","embeddable":true,"href":"http:\/\/marcosmesa.com\/ca\/wp-json\/wp\/v2\/tags?post=85"}],"curies":[{"name":"wp","href":"https:\/\/api.w.org\/{rel}","templated":true}]}}