{"id":116,"date":"2016-02-08T15:43:21","date_gmt":"2016-02-08T15:43:21","guid":{"rendered":"http:\/\/marcosmesa.com\/?p=116"},"modified":"2016-10-19T19:17:33","modified_gmt":"2016-10-19T19:17:33","slug":"taller-artistico-miranda-ebro","status":"publish","type":"post","link":"http:\/\/marcosmesa.com\/es\/2016\/02\/08\/taller-artistico-miranda-ebro\/","title":{"rendered":"Estancia art\u00edstica en Miranda de Ebro"},"content":{"rendered":"<p>Dentro del marco de convivencias en el Taller Art\u00edstico de Miranda de Ebro y el Albergue Juvenil Fern\u00e1n Gonz\u00e1lez de Miranda de Ebro tuvo lugar una estancia de creaci\u00f3n de obras pict\u00f3ricas con vocaci\u00f3n t\u00e1ctil que desembocaron en la finalizaci\u00f3n del proyecto \u00abPintura y Tacto\u00bb con una exposici\u00f3n en la ciudad.<\/p>\n<p>\u00abPintura y Tacto\u00bb se materializ\u00f3 en una exposici\u00f3n pict\u00f3rica con materiales en relieve y textura para ser tocados por el p\u00fablico y romper la barrera de las exposiciones\u00a0donde las piezas no pueden ser tocadas por el espectador. En una mayor b\u00fasqueda de la interacci\u00f3n diez\u00a0a\u00f1os despu\u00e9s este af\u00e1n se materializar\u00e1 en otra muestra con mayor interacci\u00f3n del p\u00fablico.<\/p>\n<p>&nbsp;<\/p>\n<p><img decoding=\"async\" loading=\"lazy\" class=\"wp-image-119 aligncenter\" src=\"http:\/\/marcosmesa.com\/wp-content\/uploads\/2016\/04\/mire.jpg\" alt=\"Taller 2\" width=\"796\" height=\"535\" \/><\/p>\n<p><a href=\"http:\/\/marcosmesa.com\/wp-content\/uploads\/2016\/04\/mirIMG_4619e.jpg\" rel=\"attachment wp-att-121\"><img decoding=\"async\" loading=\"lazy\" class=\"size-full wp-image-121 aligncenter\" src=\"http:\/\/marcosmesa.com\/wp-content\/uploads\/2016\/04\/mirIMG_4619e.jpg\" alt=\"Exposici\u00f3n Miranda\" width=\"800\" height=\"533\" srcset=\"http:\/\/marcosmesa.com\/wp-content\/uploads\/2016\/04\/mirIMG_4619e.jpg 800w, http:\/\/marcosmesa.com\/wp-content\/uploads\/2016\/04\/mirIMG_4619e-300x200.jpg 300w, http:\/\/marcosmesa.com\/wp-content\/uploads\/2016\/04\/mirIMG_4619e-768x512.jpg 768w\" sizes=\"(max-width: 800px) 100vw, 800px\" \/><\/a><\/p>\n<p><a href=\"http:\/\/marcosmesa.com\/wp-content\/uploads\/2016\/04\/mirIMG_4620.jpg\" rel=\"attachment wp-att-122\"><img decoding=\"async\" loading=\"lazy\" class=\"size-full wp-image-122 aligncenter\" src=\"http:\/\/marcosmesa.com\/wp-content\/uploads\/2016\/04\/mirIMG_4620.jpg\" alt=\"Exposici\u00f3n Miranda\" width=\"800\" height=\"533\" srcset=\"http:\/\/marcosmesa.com\/wp-content\/uploads\/2016\/04\/mirIMG_4620.jpg 800w, http:\/\/marcosmesa.com\/wp-content\/uploads\/2016\/04\/mirIMG_4620-300x200.jpg 300w, http:\/\/marcosmesa.com\/wp-content\/uploads\/2016\/04\/mirIMG_4620-768x512.jpg 768w\" sizes=\"(max-width: 800px) 100vw, 800px\" \/><\/a><\/p>\n<p>&nbsp;<\/p>\n<p><a href=\"http:\/\/marcosmesa.com\/wp-content\/uploads\/2016\/02\/tocar.jpg\" rel=\"attachment wp-att-466\"><img decoding=\"async\" loading=\"lazy\" class=\"size-full wp-image-466 aligncenter\" src=\"http:\/\/marcosmesa.com\/wp-content\/uploads\/2016\/02\/tocar.jpg\" alt=\"Prensa\" width=\"770\" height=\"1000\" srcset=\"http:\/\/marcosmesa.com\/wp-content\/uploads\/2016\/02\/tocar.jpg 770w, http:\/\/marcosmesa.com\/wp-content\/uploads\/2016\/02\/tocar-231x300.jpg 231w, http:\/\/marcosmesa.com\/wp-content\/uploads\/2016\/02\/tocar-768x997.jpg 768w\" sizes=\"(max-width: 770px) 100vw, 770px\" \/><\/a><\/p>","protected":false},"excerpt":{"rendered":"<p>Dentro del marco de convivencias en el Taller Art\u00edstico de Miranda de Ebro y el Albergue Juvenil Fern\u00e1n Gonz\u00e1lez de Miranda de Ebro tuvo lugar una estancia de creaci\u00f3n de obras pict\u00f3ricas con vocaci\u00f3n t\u00e1ctil que desembocaron en la finalizaci\u00f3n del proyecto \u00abPintura y Tacto\u00bb con una exposici\u00f3n en la ciudad. \u00abPintura y Tacto\u00bb se [&hellip;]<\/p>\n","protected":false},"author":1,"featured_media":120,"comment_status":"open","ping_status":"open","sticky":false,"template":"","format":"standard","meta":[],"categories":[10,9],"tags":[],"_links":{"self":[{"href":"http:\/\/marcosmesa.com\/es\/wp-json\/wp\/v2\/posts\/116"}],"collection":[{"href":"http:\/\/marcosmesa.com\/es\/wp-json\/wp\/v2\/posts"}],"about":[{"href":"http:\/\/marcosmesa.com\/es\/wp-json\/wp\/v2\/types\/post"}],"author":[{"embeddable":true,"href":"http:\/\/marcosmesa.com\/es\/wp-json\/wp\/v2\/users\/1"}],"replies":[{"embeddable":true,"href":"http:\/\/marcosmesa.com\/es\/wp-json\/wp\/v2\/comments?post=116"}],"version-history":[{"count":10,"href":"http:\/\/marcosmesa.com\/es\/wp-json\/wp\/v2\/posts\/116\/revisions"}],"predecessor-version":[{"id":848,"href":"http:\/\/marcosmesa.com\/es\/wp-json\/wp\/v2\/posts\/116\/revisions\/848"}],"wp:featuredmedia":[{"embeddable":true,"href":"http:\/\/marcosmesa.com\/es\/wp-json\/wp\/v2\/media\/120"}],"wp:attachment":[{"href":"http:\/\/marcosmesa.com\/es\/wp-json\/wp\/v2\/media?parent=116"}],"wp:term":[{"taxonomy":"category","embeddable":true,"href":"http:\/\/marcosmesa.com\/es\/wp-json\/wp\/v2\/categories?post=116"},{"taxonomy":"post_tag","embeddable":true,"href":"http:\/\/marcosmesa.com\/es\/wp-json\/wp\/v2\/tags?post=116"}],"curies":[{"name":"wp","href":"https:\/\/api.w.org\/{rel}","templated":true}]}}