{"id":153,"date":"2016-04-10T16:58:46","date_gmt":"2016-04-10T16:58:46","guid":{"rendered":"http:\/\/marcosmesa.com\/?p=153"},"modified":"2016-10-19T19:46:36","modified_gmt":"2016-10-19T19:46:36","slug":"exposicion-la-sala-jove-barcelona","status":"publish","type":"post","link":"http:\/\/marcosmesa.com\/es\/2016\/04\/10\/exposicion-la-sala-jove-barcelona\/","title":{"rendered":"Exposici\u00f3n en la Sala Jove de Barcelona"},"content":{"rendered":"<p><a href=\"http:\/\/marcosmesa.com\/wp-content\/uploads\/2016\/04\/kippel.jpg\" rel=\"attachment wp-att-154\"><img decoding=\"async\" loading=\"lazy\" class=\"wp-image-154 aligncenter\" src=\"http:\/\/marcosmesa.com\/wp-content\/uploads\/2016\/04\/kippel.jpg\" alt=\"Flyer m\u00e1quinas no perfectas\" width=\"911\" height=\"618\" \/><\/a><\/p>\n<p>A lo largo de\u00a0mi\u00a0vida en Barcelona y con aprendizaje profesional\u00a0en un laboratorio fotogr\u00e1fico llamado Ribocolor dedicado a fotograf\u00eda de producto y estudio fotogr\u00e1fico, dej\u00e9 os l\u00e1pices y la tinta para trabajar con la fotograf\u00eda anal\u00f3gica de estudio. Como consecuencia de la experimentaci\u00f3n fotogr\u00e1fica y la adquisici\u00f3n de una ampliadora y la creaci\u00f3n de mi propio laboratorio dom\u00e9stico surge mi primer proyecto fotogr\u00e1fico: \u00abKippel-M\u00e1quinas no perfectas\u00bb<\/p>\n<p>Kippel-M\u00e1quinas No Perfectas constituy\u00f3 una exposici\u00f3nde fotograf\u00eda en la Sala Jove de la\u00a0Generalitat. El proyecto se inspir\u00f3\u00a0en la idea de mundos futuros dentro del universo de la novela \u00ab\u00bfSue\u00f1an los androides con ovejas el\u00e9ctricas?\u00bb del escritor\u00a0<a title=\"Philip K. Dick\" href=\"https:\/\/es.wikipedia.org\/wiki\/Philip_K._Dick\">Philip K. Dick<\/a>. \u00abKippel\u00bb teor\u00eda del escritor, explica c\u00f3mo los objetos de peque\u00f1o tama\u00f1o de la sociedad humana invaden los cajones hasta llenar las casas de peque\u00f1os objetos de desconocido uso. Es en esa teor\u00eda con la empiezo a utilizar peque\u00f1os objetos en las composiciones fotogr\u00e1ficas dentro del proceso creativo y de experimentaci\u00f3n.<\/p>\n<p>Las im\u00e1genes son una serie de retratos de\u00a0\u00a0ficticios seres mec\u00e1nicos con imperfecciones de sesgo humano. Esta serie de 15 fotograf\u00edas dar\u00eda lugar a un proceso creativo donde surgir\u00edan otros proyectos de fotograf\u00eda y poes\u00eda visual con \u00abobjetos poema\u00bb<\/p>\n<p>&nbsp;<\/p>\n<div id=\"attachment_156\" style=\"width: 621px\" class=\"wp-caption aligncenter\"><a href=\"http:\/\/marcosmesa.com\/wp-content\/uploads\/2016\/04\/belio_2-1.jpg\" rel=\"attachment wp-att-156\"><img aria-describedby=\"caption-attachment-156\" decoding=\"async\" loading=\"lazy\" class=\"wp-image-156 \" src=\"http:\/\/marcosmesa.com\/wp-content\/uploads\/2016\/04\/belio_2-1.jpg\" alt=\"Revista Belio 1\" width=\"611\" height=\"471\" \/><\/a><p id=\"caption-attachment-156\" class=\"wp-caption-text\">Algunas de las fotograf\u00edas se divulgaron en revistas creativas:\u00a0Revista Belio de Madrid y Barcelona<\/p><\/div>\n<p><a href=\"http:\/\/marcosmesa.com\/wp-content\/uploads\/2016\/04\/robot-1.jpg\" rel=\"attachment wp-att-157\"><img decoding=\"async\" loading=\"lazy\" class=\"size-full wp-image-157 aligncenter\" src=\"http:\/\/marcosmesa.com\/wp-content\/uploads\/2016\/04\/robot-1.jpg\" alt=\"Revista Belio 2\" width=\"600\" height=\"467\" srcset=\"http:\/\/marcosmesa.com\/wp-content\/uploads\/2016\/04\/robot-1.jpg 600w, http:\/\/marcosmesa.com\/wp-content\/uploads\/2016\/04\/robot-1-300x234.jpg 300w\" sizes=\"(max-width: 600px) 100vw, 600px\" \/><\/a><\/p>\n<p>&nbsp;<\/p>","protected":false},"excerpt":{"rendered":"<p>A lo largo de\u00a0mi\u00a0vida en Barcelona y con aprendizaje profesional\u00a0en un laboratorio fotogr\u00e1fico llamado Ribocolor dedicado a fotograf\u00eda de producto y estudio fotogr\u00e1fico, dej\u00e9 os l\u00e1pices y la tinta para trabajar con la fotograf\u00eda anal\u00f3gica de estudio. Como consecuencia de la experimentaci\u00f3n fotogr\u00e1fica y la adquisici\u00f3n de una ampliadora y la creaci\u00f3n de mi propio [&hellip;]<\/p>\n","protected":false},"author":1,"featured_media":316,"comment_status":"open","ping_status":"open","sticky":false,"template":"","format":"standard","meta":[],"categories":[5,10],"tags":[],"_links":{"self":[{"href":"http:\/\/marcosmesa.com\/es\/wp-json\/wp\/v2\/posts\/153"}],"collection":[{"href":"http:\/\/marcosmesa.com\/es\/wp-json\/wp\/v2\/posts"}],"about":[{"href":"http:\/\/marcosmesa.com\/es\/wp-json\/wp\/v2\/types\/post"}],"author":[{"embeddable":true,"href":"http:\/\/marcosmesa.com\/es\/wp-json\/wp\/v2\/users\/1"}],"replies":[{"embeddable":true,"href":"http:\/\/marcosmesa.com\/es\/wp-json\/wp\/v2\/comments?post=153"}],"version-history":[{"count":14,"href":"http:\/\/marcosmesa.com\/es\/wp-json\/wp\/v2\/posts\/153\/revisions"}],"predecessor-version":[{"id":860,"href":"http:\/\/marcosmesa.com\/es\/wp-json\/wp\/v2\/posts\/153\/revisions\/860"}],"wp:featuredmedia":[{"embeddable":true,"href":"http:\/\/marcosmesa.com\/es\/wp-json\/wp\/v2\/media\/316"}],"wp:attachment":[{"href":"http:\/\/marcosmesa.com\/es\/wp-json\/wp\/v2\/media?parent=153"}],"wp:term":[{"taxonomy":"category","embeddable":true,"href":"http:\/\/marcosmesa.com\/es\/wp-json\/wp\/v2\/categories?post=153"},{"taxonomy":"post_tag","embeddable":true,"href":"http:\/\/marcosmesa.com\/es\/wp-json\/wp\/v2\/tags?post=153"}],"curies":[{"name":"wp","href":"https:\/\/api.w.org\/{rel}","templated":true}]}}