{"id":170,"date":"2016-04-10T17:05:59","date_gmt":"2016-04-10T17:05:59","guid":{"rendered":"http:\/\/marcosmesa.com\/?p=170"},"modified":"2016-10-19T19:51:46","modified_gmt":"2016-10-19T19:51:46","slug":"exposicion-colectiva-galeria-paspartu-barcelona","status":"publish","type":"post","link":"http:\/\/marcosmesa.com\/es\/2016\/04\/10\/exposicion-colectiva-galeria-paspartu-barcelona\/","title":{"rendered":"Exposici\u00f3n colectiva Galer\u00eda Paspart\u00fa de Barcelona"},"content":{"rendered":"<p>Dentro del proceso creativo fotogr\u00e1fico con enseres se realiz\u00f3 una exitosa exposici\u00f3n en la Galer\u00eda de arte Paspart\u00fa de la calle Verdi de Barcelona.<\/p>\n<p>&nbsp;<\/p>\n<p><a href=\"http:\/\/marcosmesa.com\/wp-content\/uploads\/2016\/04\/independent.jpg\" rel=\"attachment wp-att-144\"><img decoding=\"async\" loading=\"lazy\" class=\"size-full wp-image-144 aligncenter\" src=\"http:\/\/marcosmesa.com\/wp-content\/uploads\/2016\/04\/independent.jpg\" alt=\"independent\" width=\"539\" height=\"500\" srcset=\"http:\/\/marcosmesa.com\/wp-content\/uploads\/2016\/04\/independent.jpg 539w, http:\/\/marcosmesa.com\/wp-content\/uploads\/2016\/04\/independent-300x278.jpg 300w\" sizes=\"(max-width: 539px) 100vw, 539px\" \/><\/a><\/p>\n<p>&nbsp;<\/p>","protected":false},"excerpt":{"rendered":"<p>Dentro del proceso creativo fotogr\u00e1fico con enseres se realiz\u00f3 una exitosa exposici\u00f3n en la Galer\u00eda de arte Paspart\u00fa de la calle Verdi de Barcelona. &nbsp; &nbsp;<\/p>\n","protected":false},"author":1,"featured_media":319,"comment_status":"open","ping_status":"open","sticky":false,"template":"","format":"standard","meta":[],"categories":[5,6],"tags":[],"_links":{"self":[{"href":"http:\/\/marcosmesa.com\/es\/wp-json\/wp\/v2\/posts\/170"}],"collection":[{"href":"http:\/\/marcosmesa.com\/es\/wp-json\/wp\/v2\/posts"}],"about":[{"href":"http:\/\/marcosmesa.com\/es\/wp-json\/wp\/v2\/types\/post"}],"author":[{"embeddable":true,"href":"http:\/\/marcosmesa.com\/es\/wp-json\/wp\/v2\/users\/1"}],"replies":[{"embeddable":true,"href":"http:\/\/marcosmesa.com\/es\/wp-json\/wp\/v2\/comments?post=170"}],"version-history":[{"count":11,"href":"http:\/\/marcosmesa.com\/es\/wp-json\/wp\/v2\/posts\/170\/revisions"}],"predecessor-version":[{"id":862,"href":"http:\/\/marcosmesa.com\/es\/wp-json\/wp\/v2\/posts\/170\/revisions\/862"}],"wp:featuredmedia":[{"embeddable":true,"href":"http:\/\/marcosmesa.com\/es\/wp-json\/wp\/v2\/media\/319"}],"wp:attachment":[{"href":"http:\/\/marcosmesa.com\/es\/wp-json\/wp\/v2\/media?parent=170"}],"wp:term":[{"taxonomy":"category","embeddable":true,"href":"http:\/\/marcosmesa.com\/es\/wp-json\/wp\/v2\/categories?post=170"},{"taxonomy":"post_tag","embeddable":true,"href":"http:\/\/marcosmesa.com\/es\/wp-json\/wp\/v2\/tags?post=170"}],"curies":[{"name":"wp","href":"https:\/\/api.w.org\/{rel}","templated":true}]}}