{"id":172,"date":"2016-04-10T17:21:41","date_gmt":"2016-04-10T17:21:41","guid":{"rendered":"http:\/\/marcosmesa.com\/?p=172"},"modified":"2016-10-19T19:08:19","modified_gmt":"2016-10-19T19:08:19","slug":"exposicion-colectiva-los-principios-del-arte","status":"publish","type":"post","link":"http:\/\/marcosmesa.com\/es\/2016\/04\/10\/exposicion-colectiva-los-principios-del-arte\/","title":{"rendered":"Exposici\u00f3n colectiva Los Principios del Arte"},"content":{"rendered":"<p><a href=\"http:\/\/marcosmesa.com\/wp-content\/uploads\/2016\/04\/DUCHA-DE-LATAS__.jpg\" rel=\"attachment wp-att-173\"><img decoding=\"async\" loading=\"lazy\" class=\"alignleft wp-image-173\" src=\"http:\/\/marcosmesa.com\/wp-content\/uploads\/2016\/04\/DUCHA-DE-LATAS__.jpg\" alt=\"Obra seleccionada por su particularidad creativa\" width=\"283\" height=\"308\" \/><\/a>Dentro del marco Espacio de Creaci\u00f3n del Distrito madrile\u00f1o de Moncloa-Aravaca tiene lugar la muestra Los Principios del Arte, una exposici\u00f3n para dar a conocer los primeros pasos de ocho\u00a0artistas emergentes.<\/p>\n<p>En una b\u00fasqueda de su lenguaje pl\u00e1stico se nos piden obras experimentales. Curiosamente es an\u00e9cdotico el hecho de adem\u00e1s de\u00a0las obras propuestas\u00a0se pidi\u00f3 adem\u00e1s una pintura que marcar\u00eda los\u00a0pr\u00f3ximos pasos del artista. Los organizadores reclamaron la obra tras verla en la p\u00e1gina web de Marcos Mesa.<\/p>\n<p>Se trata del collage pict\u00f3rico \u00abDucha de latas\u00bb que marcar\u00eda la tendencia los pr\u00f3ximos siete\u00a0a\u00f1os de poes\u00eda visual con objetos sobre lienzo. Dicha pintura form\u00f3 parte de los trabajos del artista en la Universidad de Barcelona.<\/p>\n<p>&nbsp;<\/p>\n<p>&nbsp;<\/p>\n<p><a href=\"http:\/\/marcosmesa.com\/wp-content\/uploads\/2016\/04\/expo.jpg\" rel=\"attachment wp-att-138\"><img decoding=\"async\" loading=\"lazy\" class=\"alignnone size-full wp-image-138\" src=\"http:\/\/marcosmesa.com\/wp-content\/uploads\/2016\/04\/expo.jpg\" alt=\"Cr\u00edtica\" width=\"1200\" height=\"741\" srcset=\"http:\/\/marcosmesa.com\/wp-content\/uploads\/2016\/04\/expo.jpg 1200w, http:\/\/marcosmesa.com\/wp-content\/uploads\/2016\/04\/expo-300x185.jpg 300w, http:\/\/marcosmesa.com\/wp-content\/uploads\/2016\/04\/expo-768x474.jpg 768w, http:\/\/marcosmesa.com\/wp-content\/uploads\/2016\/04\/expo-1024x632.jpg 1024w\" sizes=\"(max-width: 1200px) 100vw, 1200px\" \/><\/a><\/p>\n<p><a href=\"http:\/\/marcosmesa.com\/wp-content\/uploads\/2016\/04\/princw0.jpg\" rel=\"attachment wp-att-223\"><img decoding=\"async\" loading=\"lazy\" class=\"alignnone wp-image-223\" src=\"http:\/\/marcosmesa.com\/wp-content\/uploads\/2016\/04\/princw0.jpg\" alt=\"Exposici\u00f3n\" width=\"734\" height=\"490\" \/><\/a><\/p>\n<p><a href=\"http:\/\/marcosmesa.com\/wp-content\/uploads\/2016\/04\/artep2.jpg\" rel=\"attachment wp-att-221\"><img decoding=\"async\" loading=\"lazy\" class=\"alignnone wp-image-221\" src=\"http:\/\/marcosmesa.com\/wp-content\/uploads\/2016\/04\/artep2.jpg\" alt=\"Exposici\u00f3n Los Principios del Arte\" width=\"731\" height=\"403\" \/><\/a><\/p>\n<p><a href=\"http:\/\/marcosmesa.com\/wp-content\/uploads\/2016\/04\/artep4.jpg\" rel=\"attachment wp-att-222\"><img decoding=\"async\" loading=\"lazy\" class=\"alignnone wp-image-222\" src=\"http:\/\/marcosmesa.com\/wp-content\/uploads\/2016\/04\/artep4.jpg\" alt=\"Exposici\u00f3n Los Principios del Arte\" width=\"736\" height=\"558\" \/><\/a><\/p>\n<p>&nbsp;<\/p>","protected":false},"excerpt":{"rendered":"<p>Dentro del marco Espacio de Creaci\u00f3n del Distrito madrile\u00f1o de Moncloa-Aravaca tiene lugar la muestra Los Principios del Arte, una exposici\u00f3n para dar a conocer los primeros pasos de ocho\u00a0artistas emergentes. En una b\u00fasqueda de su lenguaje pl\u00e1stico se nos piden obras experimentales. Curiosamente es an\u00e9cdotico el hecho de adem\u00e1s de\u00a0las obras propuestas\u00a0se pidi\u00f3 adem\u00e1s [&hellip;]<\/p>\n","protected":false},"author":1,"featured_media":318,"comment_status":"open","ping_status":"open","sticky":false,"template":"","format":"standard","meta":[],"categories":[5,8],"tags":[],"_links":{"self":[{"href":"http:\/\/marcosmesa.com\/es\/wp-json\/wp\/v2\/posts\/172"}],"collection":[{"href":"http:\/\/marcosmesa.com\/es\/wp-json\/wp\/v2\/posts"}],"about":[{"href":"http:\/\/marcosmesa.com\/es\/wp-json\/wp\/v2\/types\/post"}],"author":[{"embeddable":true,"href":"http:\/\/marcosmesa.com\/es\/wp-json\/wp\/v2\/users\/1"}],"replies":[{"embeddable":true,"href":"http:\/\/marcosmesa.com\/es\/wp-json\/wp\/v2\/comments?post=172"}],"version-history":[{"count":11,"href":"http:\/\/marcosmesa.com\/es\/wp-json\/wp\/v2\/posts\/172\/revisions"}],"predecessor-version":[{"id":841,"href":"http:\/\/marcosmesa.com\/es\/wp-json\/wp\/v2\/posts\/172\/revisions\/841"}],"wp:featuredmedia":[{"embeddable":true,"href":"http:\/\/marcosmesa.com\/es\/wp-json\/wp\/v2\/media\/318"}],"wp:attachment":[{"href":"http:\/\/marcosmesa.com\/es\/wp-json\/wp\/v2\/media?parent=172"}],"wp:term":[{"taxonomy":"category","embeddable":true,"href":"http:\/\/marcosmesa.com\/es\/wp-json\/wp\/v2\/categories?post=172"},{"taxonomy":"post_tag","embeddable":true,"href":"http:\/\/marcosmesa.com\/es\/wp-json\/wp\/v2\/tags?post=172"}],"curies":[{"name":"wp","href":"https:\/\/api.w.org\/{rel}","templated":true}]}}