{"id":354,"date":"2016-02-04T15:44:58","date_gmt":"2016-02-04T15:44:58","guid":{"rendered":"http:\/\/marcosmesa.com\/?p=354"},"modified":"2016-10-20T17:35:01","modified_gmt":"2016-10-20T17:35:01","slug":"exposicion-doble-espacio-museo-del-libro-burgos","status":"publish","type":"post","link":"http:\/\/marcosmesa.com\/es\/2016\/02\/04\/exposicion-doble-espacio-museo-del-libro-burgos\/","title":{"rendered":"Exposici\u00f3n Doble Espacio en el Museo del Libro de Burgos"},"content":{"rendered":"<p><\/p>\n<div class=\"western\"><span style=\"color: #ffffff;\"><a style=\"color: #ffffff;\" href=\"http:\/\/marcosmesa.com\/wp-content\/uploads\/2016\/04\/museolib2.jpg\" rel=\"attachment wp-att-235\"><img decoding=\"async\" loading=\"lazy\" class=\"wp-image-235 alignleft\" src=\"http:\/\/marcosmesa.com\/wp-content\/uploads\/2016\/04\/museolib2.jpg\" alt=\"Arqueolog\u00eda po\u00e9tica\" width=\"386\" height=\"837\" \/><\/a>La\u00a0exposici\u00f3n de poes\u00eda visual-fotograf\u00eda se llama\u201cArqueolog\u00eda po\u00e9tica\u201d del artista Burgal\u00e9s <b>Marcos Mesa<\/b>, una iniciativa del Museo del Libro Fadrique de Basilea de Burgos denominada \u00abDoble Espacio\u00bb\u00a0que consiste en complementar\u00a0espacios del museo con\u00a0peque\u00f1as micro exposiciones de artistas de la ciudad. En este caso la exposici\u00f3n Arqueolog\u00eda Po\u00e9tica es una muestra de varias piezas fotogr\u00e1ficas sobre aluminio y metracrilato cuyas composiciones se componen de objetos \u00abencontrados\u00bbde naturaleza met\u00e1lica. La exposici\u00f3n es una extensi\u00f3n del proyecto \u00abPoemas de metal\u00bb que consta de fotograf\u00edas de poemas-objeto.<\/span><\/div>\n<div class=\"western\"><span style=\"color: #ffffff;\">\u00a0<\/span><\/div>\n<div class=\"western\"><span lang=\"\" style=\"color: #ffffff;\">Marcos Mesa es Licenciado en Bellas Artes y Master en Dise\u00f1o gr\u00e1fico editorial con especializaci\u00f3n en direcci\u00f3n de arte, sus primeras fotograf\u00edas de objetos las realiza en Barcelona, trabajando varios a\u00f1os como fot\u00f3grafo de productos para cat\u00e1logos comerciales en un estudio de fotograf\u00eda dedicado al dise\u00f1o industrial.<\/span><\/div>\n<div class=\"western\"><span style=\"color: #ffffff;\">\u00a0<\/span><\/div>\n<div class=\"western\" lang=\"\"><span style=\"color: #ffffff;\">El poema visual es un g\u00e9nero art\u00edstico que tuvo como precursor a Joan Brossa, aunque se puede datar su origen en corrientes art\u00edsticas anteriores como las Vanguardias, el Dada\u00edsmo y el Surrealismo. Com\u00fanmente se basa en el trampantojo o la met\u00e1fora visual. Actualmente, podemos ver poemas visuales de forma habitual en medios gr\u00e1ficos y en publicidad.<\/span><\/div>\n<div class=\"western\" lang=\"\"><span style=\"color: #ffffff;\">\u00a0<\/span><\/div>\n<div class=\"western\" lang=\"\"><span style=\"color: #ffffff;\">\u00a0<\/span><\/div>\n<p><\/p>","protected":false},"excerpt":{"rendered":"<p>La\u00a0exposici\u00f3n de poes\u00eda visual-fotograf\u00eda se llama\u201cArqueolog\u00eda po\u00e9tica\u201d del artista Burgal\u00e9s Marcos Mesa, una iniciativa del Museo del Libro Fadrique de Basilea de Burgos denominada \u00abDoble Espacio\u00bb\u00a0que consiste en complementar\u00a0espacios del museo con\u00a0peque\u00f1as micro exposiciones de artistas de la ciudad. En este caso la exposici\u00f3n Arqueolog\u00eda Po\u00e9tica es una muestra de varias piezas fotogr\u00e1ficas sobre aluminio [&hellip;]<\/p>\n","protected":false},"author":1,"featured_media":240,"comment_status":"open","ping_status":"open","sticky":false,"template":"","format":"standard","meta":[],"categories":[5],"tags":[],"_links":{"self":[{"href":"http:\/\/marcosmesa.com\/es\/wp-json\/wp\/v2\/posts\/354"}],"collection":[{"href":"http:\/\/marcosmesa.com\/es\/wp-json\/wp\/v2\/posts"}],"about":[{"href":"http:\/\/marcosmesa.com\/es\/wp-json\/wp\/v2\/types\/post"}],"author":[{"embeddable":true,"href":"http:\/\/marcosmesa.com\/es\/wp-json\/wp\/v2\/users\/1"}],"replies":[{"embeddable":true,"href":"http:\/\/marcosmesa.com\/es\/wp-json\/wp\/v2\/comments?post=354"}],"version-history":[{"count":8,"href":"http:\/\/marcosmesa.com\/es\/wp-json\/wp\/v2\/posts\/354\/revisions"}],"predecessor-version":[{"id":863,"href":"http:\/\/marcosmesa.com\/es\/wp-json\/wp\/v2\/posts\/354\/revisions\/863"}],"wp:featuredmedia":[{"embeddable":true,"href":"http:\/\/marcosmesa.com\/es\/wp-json\/wp\/v2\/media\/240"}],"wp:attachment":[{"href":"http:\/\/marcosmesa.com\/es\/wp-json\/wp\/v2\/media?parent=354"}],"wp:term":[{"taxonomy":"category","embeddable":true,"href":"http:\/\/marcosmesa.com\/es\/wp-json\/wp\/v2\/categories?post=354"},{"taxonomy":"post_tag","embeddable":true,"href":"http:\/\/marcosmesa.com\/es\/wp-json\/wp\/v2\/tags?post=354"}],"curies":[{"name":"wp","href":"https:\/\/api.w.org\/{rel}","templated":true}]}}