{"id":361,"date":"2016-04-10T01:00:23","date_gmt":"2016-04-10T01:00:23","guid":{"rendered":"http:\/\/marcosmesa.com\/?p=361"},"modified":"2016-10-19T19:15:48","modified_gmt":"2016-10-19T19:15:48","slug":"exposicion-antiguo-palacio-arzobispal-arcos-la-llana","status":"publish","type":"post","link":"http:\/\/marcosmesa.com\/es\/2016\/04\/10\/exposicion-antiguo-palacio-arzobispal-arcos-la-llana\/","title":{"rendered":"Exposici\u00f3n en antiguo Palacio Arzobispal de Arcos de la Llana"},"content":{"rendered":"<p>Exposici\u00f3n realizada en unas paredes cargadas de historia, el antiguo Palacio Arzobispal de Arcos de la Llana, hoy en d\u00eda en manos privadas. Evento art\u00edstico para complementar una celebraci\u00f3n gastron\u00f3mica. Las paredes del palacio a\u00fan conservan su pintura original, un esplendor crom\u00e1tico cargado de aura que unido a las texturas de los arreglos de los sucesivos due\u00f1os del lugar convierten sus espacios en un lugar especial para una exposici\u00f3n de pintura informalista. Las amplias salas con su iluminaci\u00f3n y su profundo silencio hacen de la visita un viaje de reflexi\u00f3n crom\u00e1tico y antiguo.<\/p>\n<p><a href=\"http:\/\/marcosmesa.com\/wp-content\/uploads\/2016\/04\/arcos2.jpg\" rel=\"attachment wp-att-363\"><img decoding=\"async\" loading=\"lazy\" class=\"alignnone wp-image-363\" src=\"http:\/\/marcosmesa.com\/wp-content\/uploads\/2016\/04\/arcos2.jpg\" alt=\"Exposici\u00f3n Antiguo Palacio Arcos\" width=\"578\" height=\"387\" \/><\/a><\/p>\n<p><a href=\"http:\/\/marcosmesa.com\/wp-content\/uploads\/2016\/04\/arcos111.jpg\" rel=\"attachment wp-att-367\"><img decoding=\"async\" loading=\"lazy\" class=\"alignnone wp-image-367\" src=\"http:\/\/marcosmesa.com\/wp-content\/uploads\/2016\/04\/arcos111.jpg\" alt=\"Exposici\u00f3n Antiguo Palacio Arcos\" width=\"580\" height=\"562\" \/><\/a><\/p>\n<p><a href=\"http:\/\/marcosmesa.com\/wp-content\/uploads\/2016\/04\/arco1.jpg\" rel=\"attachment wp-att-362\"><img decoding=\"async\" loading=\"lazy\" class=\"alignnone wp-image-362\" src=\"http:\/\/marcosmesa.com\/wp-content\/uploads\/2016\/04\/arco1.jpg\" alt=\"Exposici\u00f3n Antiguo Palacio Arcos\" width=\"581\" height=\"497\" \/><\/a><\/p>\n<p><a href=\"http:\/\/marcosmesa.com\/wp-content\/uploads\/2016\/04\/arcos3.jpg\" rel=\"attachment wp-att-364\"><img decoding=\"async\" loading=\"lazy\" class=\"alignnone wp-image-364\" src=\"http:\/\/marcosmesa.com\/wp-content\/uploads\/2016\/04\/arcos3.jpg\" alt=\"Exposici\u00f3n Antiguo Palacio Arcos\" width=\"579\" height=\"488\" \/><\/a><\/p>\n<p><a href=\"http:\/\/marcosmesa.com\/wp-content\/uploads\/2016\/04\/arcos4.jpg\" rel=\"attachment wp-att-365\"><img decoding=\"async\" loading=\"lazy\" class=\"alignnone wp-image-365\" src=\"http:\/\/marcosmesa.com\/wp-content\/uploads\/2016\/04\/arcos4.jpg\" alt=\"Exposici\u00f3n Antiguo Palacio Arcos\" width=\"577\" height=\"561\" \/><\/a><\/p>\n<p><a href=\"http:\/\/marcosmesa.com\/wp-content\/uploads\/2016\/04\/arcos10.jpg\" rel=\"attachment wp-att-366\"><img decoding=\"async\" loading=\"lazy\" class=\"alignnone wp-image-366\" src=\"http:\/\/marcosmesa.com\/wp-content\/uploads\/2016\/04\/arcos10.jpg\" alt=\"Exposici\u00f3n Antiguo Palacio Arcos\" width=\"578\" height=\"554\" \/><\/a><\/p>\n<p><a href=\"http:\/\/marcosmesa.com\/wp-content\/uploads\/2016\/04\/arcosbanner.jpg\" rel=\"attachment wp-att-369\"><img decoding=\"async\" loading=\"lazy\" class=\"alignnone wp-image-369\" src=\"http:\/\/marcosmesa.com\/wp-content\/uploads\/2016\/04\/arcosbanner.jpg\" alt=\"Exposici\u00f3n Antiguo Palacio Arcos\" width=\"579\" height=\"363\" \/><\/a><\/p>","protected":false},"excerpt":{"rendered":"<p>Exposici\u00f3n realizada en unas paredes cargadas de historia, el antiguo Palacio Arzobispal de Arcos de la Llana, hoy en d\u00eda en manos privadas. Evento art\u00edstico para complementar una celebraci\u00f3n gastron\u00f3mica. Las paredes del palacio a\u00fan conservan su pintura original, un esplendor crom\u00e1tico cargado de aura que unido a las texturas de los arreglos de los [&hellip;]<\/p>\n","protected":false},"author":1,"featured_media":368,"comment_status":"open","ping_status":"open","sticky":false,"template":"","format":"standard","meta":[],"categories":[5],"tags":[],"_links":{"self":[{"href":"http:\/\/marcosmesa.com\/es\/wp-json\/wp\/v2\/posts\/361"}],"collection":[{"href":"http:\/\/marcosmesa.com\/es\/wp-json\/wp\/v2\/posts"}],"about":[{"href":"http:\/\/marcosmesa.com\/es\/wp-json\/wp\/v2\/types\/post"}],"author":[{"embeddable":true,"href":"http:\/\/marcosmesa.com\/es\/wp-json\/wp\/v2\/users\/1"}],"replies":[{"embeddable":true,"href":"http:\/\/marcosmesa.com\/es\/wp-json\/wp\/v2\/comments?post=361"}],"version-history":[{"count":5,"href":"http:\/\/marcosmesa.com\/es\/wp-json\/wp\/v2\/posts\/361\/revisions"}],"predecessor-version":[{"id":847,"href":"http:\/\/marcosmesa.com\/es\/wp-json\/wp\/v2\/posts\/361\/revisions\/847"}],"wp:featuredmedia":[{"embeddable":true,"href":"http:\/\/marcosmesa.com\/es\/wp-json\/wp\/v2\/media\/368"}],"wp:attachment":[{"href":"http:\/\/marcosmesa.com\/es\/wp-json\/wp\/v2\/media?parent=361"}],"wp:term":[{"taxonomy":"category","embeddable":true,"href":"http:\/\/marcosmesa.com\/es\/wp-json\/wp\/v2\/categories?post=361"},{"taxonomy":"post_tag","embeddable":true,"href":"http:\/\/marcosmesa.com\/es\/wp-json\/wp\/v2\/tags?post=361"}],"curies":[{"name":"wp","href":"https:\/\/api.w.org\/{rel}","templated":true}]}}