{"id":707,"date":"2016-01-15T14:58:11","date_gmt":"2016-01-15T14:58:11","guid":{"rendered":"http:\/\/marcosmesa.com\/?p=707"},"modified":"2016-10-19T19:30:54","modified_gmt":"2016-10-19T19:30:54","slug":"pinturas","status":"publish","type":"post","link":"http:\/\/marcosmesa.com\/es\/2016\/01\/15\/pinturas\/","title":{"rendered":"Pinturas"},"content":{"rendered":"<p><div id=\"attachment_459\" style=\"width: 641px\" class=\"wp-caption alignnone\"><a href=\"http:\/\/marcosmesa.com\/wp-content\/uploads\/2016\/04\/IMG_1284-1.jpg\" rel=\"attachment wp-att-459\"><img aria-describedby=\"caption-attachment-459\" decoding=\"async\" loading=\"lazy\" class=\"wp-image-459\" src=\"http:\/\/marcosmesa.com\/wp-content\/uploads\/2016\/04\/IMG_1284-1.jpg\" alt=\"cuadro\" width=\"631\" height=\"405\" \/><\/a><p id=\"caption-attachment-459\" class=\"wp-caption-text\">Limo rojo &#8211; 100 x 207 cm T\u00e9cnica mixta sobre tela Col. Particular<\/p><\/div><\/p>\n<div id=\"attachment_457\" style=\"width: 376px\" class=\"wp-caption aligncenter\"><a href=\"http:\/\/marcosmesa.com\/wp-content\/uploads\/2016\/04\/caminopara-1.jpg\" rel=\"attachment wp-att-457\"><img aria-describedby=\"caption-attachment-457\" decoding=\"async\" loading=\"lazy\" class=\"wp-image-457\" src=\"http:\/\/marcosmesa.com\/wp-content\/uploads\/2016\/04\/caminopara-1.jpg\" alt=\"camino para los hombres\" width=\"366\" height=\"479\" \/><\/a><p id=\"caption-attachment-457\" class=\"wp-caption-text\">camino para los hombres &#8211; 81 x 63 cm Acr\u00edlico y \u00f3leo sobre tela<\/p><\/div>\n<div id=\"attachment_460\" style=\"width: 382px\" class=\"wp-caption aligncenter\"><a href=\"http:\/\/marcosmesa.com\/wp-content\/uploads\/2016\/04\/IMG_1287-1.jpg\" rel=\"attachment wp-att-460\"><img aria-describedby=\"caption-attachment-460\" decoding=\"async\" loading=\"lazy\" class=\"wp-image-460\" src=\"http:\/\/marcosmesa.com\/wp-content\/uploads\/2016\/04\/IMG_1287-1.jpg\" alt=\"IMG_1287\" width=\"372\" height=\"554\" \/><\/a><p id=\"caption-attachment-460\" class=\"wp-caption-text\">La puerta &#8211; 56 x 44 cm &#8211; Cuadro-armario- Mixta Col. Particular<\/p><\/div>\n<div id=\"attachment_454\" style=\"width: 599px\" class=\"wp-caption alignnone\"><a href=\"http:\/\/marcosmesa.com\/wp-content\/uploads\/2016\/04\/abstacta.jpg\" rel=\"attachment wp-att-454\"><img aria-describedby=\"caption-attachment-454\" decoding=\"async\" loading=\"lazy\" class=\"wp-image-454\" src=\"http:\/\/marcosmesa.com\/wp-content\/uploads\/2016\/04\/abstacta.jpg\" alt=\"Sin T\u00edtulo\" width=\"589\" height=\"520\" \/><\/a><p id=\"caption-attachment-454\" class=\"wp-caption-text\">Abstracci\u00f3n roja &#8211; 81 x 130 cm T\u00e9cnica mixta sobre tela<\/p><\/div>\n<div id=\"attachment_462\" style=\"width: 679px\" class=\"wp-caption alignnone\"><a href=\"http:\/\/marcosmesa.com\/wp-content\/uploads\/2016\/04\/IMG_1417-1.jpg\" rel=\"attachment wp-att-462\"><img aria-describedby=\"caption-attachment-462\" decoding=\"async\" loading=\"lazy\" class=\"wp-image-462\" src=\"http:\/\/marcosmesa.com\/wp-content\/uploads\/2016\/04\/IMG_1417-1.jpg\" alt=\"IMG_1417\" width=\"669\" height=\"445\" \/><\/a><p id=\"caption-attachment-462\" class=\"wp-caption-text\">Guitarra roja &#8211; 81 x 120cm Grafito, \u00f3leo y tinta sobre tela<\/p><\/div>\n<div id=\"attachment_461\" style=\"width: 689px\" class=\"wp-caption alignnone\"><a href=\"http:\/\/marcosmesa.com\/wp-content\/uploads\/2016\/04\/IMG_1306-1.jpg\" rel=\"attachment wp-att-461\"><img aria-describedby=\"caption-attachment-461\" decoding=\"async\" loading=\"lazy\" class=\"wp-image-461\" src=\"http:\/\/marcosmesa.com\/wp-content\/uploads\/2016\/04\/IMG_1306-1.jpg\" alt=\"IMG_1306\" width=\"679\" height=\"450\" \/><\/a><p id=\"caption-attachment-461\" class=\"wp-caption-text\">Sin T\u00edtulo &#8211; 130 x 100cm T\u00e9cnica Mixta sobre madera &#8211; Colecci\u00f3n Particular<\/p><\/div>\n<p><a href=\"http:\/\/marcosmesa.com\/wp-content\/uploads\/2016\/04\/IMG_7959-1.jpg\" rel=\"attachment wp-att-463\"><img decoding=\"async\" loading=\"lazy\" class=\"wp-image-463 aligncenter\" src=\"http:\/\/marcosmesa.com\/wp-content\/uploads\/2016\/04\/IMG_7959-1.jpg\" alt=\"IMG_7959\" width=\"341\" height=\"498\" \/><\/a><\/p>\n<div id=\"attachment_464\" style=\"width: 560px\" class=\"wp-caption alignnone\"><a href=\"http:\/\/marcosmesa.com\/wp-content\/uploads\/2016\/04\/pez-decapitado-o-la-vision-de-san-pablo-1.jpg\" rel=\"attachment wp-att-464\"><img aria-describedby=\"caption-attachment-464\" decoding=\"async\" loading=\"lazy\" class=\"wp-image-464 size-full\" src=\"http:\/\/marcosmesa.com\/wp-content\/uploads\/2016\/04\/pez-decapitado-o-la-vision-de-san-pablo-1.jpg\" alt=\"pez decapitado o la vision de san pablo\" width=\"550\" height=\"366\" srcset=\"http:\/\/marcosmesa.com\/wp-content\/uploads\/2016\/04\/pez-decapitado-o-la-vision-de-san-pablo-1.jpg 550w, http:\/\/marcosmesa.com\/wp-content\/uploads\/2016\/04\/pez-decapitado-o-la-vision-de-san-pablo-1-300x200.jpg 300w\" sizes=\"(max-width: 550px) 100vw, 550px\" \/><\/a><p id=\"caption-attachment-464\" class=\"wp-caption-text\">Eleg\u00edas a John Donne 100 x 139 cm &#8211; Acr\u00edlico y \u00f3leo sobre tela<\/p><\/div>\n<div id=\"attachment_465\" style=\"width: 525px\" class=\"wp-caption alignnone\"><a href=\"http:\/\/marcosmesa.com\/wp-content\/uploads\/2016\/04\/IMG_8899.jpg\" rel=\"attachment wp-att-465\"><img aria-describedby=\"caption-attachment-465\" decoding=\"async\" loading=\"lazy\" class=\"wp-image-465\" src=\"http:\/\/marcosmesa.com\/wp-content\/uploads\/2016\/04\/IMG_8899.jpg\" alt=\"coraz\u00f3n\" width=\"515\" height=\"315\" \/><\/a><p id=\"caption-attachment-465\" class=\"wp-caption-text\">Coraz\u00f3n con cierre &#8211; 81 x 120 cm &#8211; T\u00e9cnica mixta sobre tela<\/p><\/div>\n<p><div id=\"attachment_468\" style=\"width: 269px\" class=\"wp-caption aligncenter\"><a href=\"http:\/\/marcosmesa.com\/wp-content\/uploads\/2016\/04\/pintura-marr\u00f3n.jpg\" rel=\"attachment wp-att-468\"><img aria-describedby=\"caption-attachment-468\" decoding=\"async\" loading=\"lazy\" class=\"wp-image-468\" src=\"http:\/\/marcosmesa.com\/wp-content\/uploads\/2016\/04\/pintura-marr\u00f3n.jpg\" alt=\"pintura marr\u00f3n\" width=\"259\" height=\"311\" srcset=\"http:\/\/marcosmesa.com\/wp-content\/uploads\/2016\/04\/pintura-marr\u00f3n.jpg 746w, http:\/\/marcosmesa.com\/wp-content\/uploads\/2016\/04\/pintura-marr\u00f3n-249x300.jpg 249w\" sizes=\"(max-width: 259px) 100vw, 259px\" \/><\/a><p id=\"caption-attachment-468\" class=\"wp-caption-text\">Lona quemada &#8211; Mixta sobre lona encontrada &#8211; Col. Particular<\/p><\/div><\/p>","protected":false},"excerpt":{"rendered":"","protected":false},"author":1,"featured_media":0,"comment_status":"open","ping_status":"closed","sticky":false,"template":"","format":"standard","meta":[],"categories":[8],"tags":[],"_links":{"self":[{"href":"http:\/\/marcosmesa.com\/es\/wp-json\/wp\/v2\/posts\/707"}],"collection":[{"href":"http:\/\/marcosmesa.com\/es\/wp-json\/wp\/v2\/posts"}],"about":[{"href":"http:\/\/marcosmesa.com\/es\/wp-json\/wp\/v2\/types\/post"}],"author":[{"embeddable":true,"href":"http:\/\/marcosmesa.com\/es\/wp-json\/wp\/v2\/users\/1"}],"replies":[{"embeddable":true,"href":"http:\/\/marcosmesa.com\/es\/wp-json\/wp\/v2\/comments?post=707"}],"version-history":[{"count":3,"href":"http:\/\/marcosmesa.com\/es\/wp-json\/wp\/v2\/posts\/707\/revisions"}],"predecessor-version":[{"id":855,"href":"http:\/\/marcosmesa.com\/es\/wp-json\/wp\/v2\/posts\/707\/revisions\/855"}],"wp:attachment":[{"href":"http:\/\/marcosmesa.com\/es\/wp-json\/wp\/v2\/media?parent=707"}],"wp:term":[{"taxonomy":"category","embeddable":true,"href":"http:\/\/marcosmesa.com\/es\/wp-json\/wp\/v2\/categories?post=707"},{"taxonomy":"post_tag","embeddable":true,"href":"http:\/\/marcosmesa.com\/es\/wp-json\/wp\/v2\/tags?post=707"}],"curies":[{"name":"wp","href":"https:\/\/api.w.org\/{rel}","templated":true}]}}