{"id":711,"date":"2016-01-15T15:01:01","date_gmt":"2016-01-15T15:01:01","guid":{"rendered":"http:\/\/marcosmesa.com\/?p=711"},"modified":"2016-10-19T19:24:56","modified_gmt":"2016-10-19T19:24:56","slug":"poesia-visual-fotografia","status":"publish","type":"post","link":"http:\/\/marcosmesa.com\/es\/2016\/01\/15\/poesia-visual-fotografia\/","title":{"rendered":"Poes\u00eda visual en Fotograf\u00eda"},"content":{"rendered":"<p>La\u00a0poes\u00eda visual y los poemas objeto son un g\u00e9nero art\u00edstico cuyo precursor fue Joan Brossa. Marcos Mesa experimenta con la fotograf\u00eda para poder captar y transformar el objeto mediante la luz.\u00a0La iluminaci\u00f3n facilita la descontextualizaci\u00f3n de los diferentes objetos que unidos al cambio de color conforman una\u00a0serie de \u00abbodegones-paisaje\u00bb con una mirada po\u00e9tica.<\/p>\n<p>La conceptualidad de las obras se basan en hacer evidente y de forma visual la met\u00e1fora, no obstante las piezas fotogr\u00e1ficas est\u00e1n abiertas a m\u00faltiples miradas que buscan la complicidad del espectador.<\/p>\n<div id=\"attachment_405\" style=\"width: 810px\" class=\"wp-caption alignnone\"><a href=\"http:\/\/marcosmesa.com\/wp-content\/uploads\/2016\/04\/will4-1.jpg\" rel=\"attachment wp-att-405\"><img aria-describedby=\"caption-attachment-405\" decoding=\"async\" loading=\"lazy\" class=\"wp-image-405 size-full\" src=\"http:\/\/marcosmesa.com\/wp-content\/uploads\/2016\/04\/will4-1.jpg\" alt=\"Hacha\" width=\"800\" height=\"533\" srcset=\"http:\/\/marcosmesa.com\/wp-content\/uploads\/2016\/04\/will4-1.jpg 800w, http:\/\/marcosmesa.com\/wp-content\/uploads\/2016\/04\/will4-1-300x200.jpg 300w, http:\/\/marcosmesa.com\/wp-content\/uploads\/2016\/04\/will4-1-768x512.jpg 768w\" sizes=\"(max-width: 800px) 100vw, 800px\" \/><\/a><p id=\"caption-attachment-405\" class=\"wp-caption-text\">Sin t\u00edtulo &#8211; 50 X 70 cm Fotograf\u00eda digital en color enmarcada<\/p><\/div>\n<div id=\"attachment_412\" style=\"width: 543px\" class=\"wp-caption alignnone\"><a href=\"http:\/\/marcosmesa.com\/wp-content\/uploads\/2016\/04\/casa.jpg\" rel=\"attachment wp-att-412\"><img aria-describedby=\"caption-attachment-412\" decoding=\"async\" loading=\"lazy\" class=\"wp-image-412 size-full\" src=\"http:\/\/marcosmesa.com\/wp-content\/uploads\/2016\/04\/casa.jpg\" alt=\"casa\" width=\"533\" height=\"800\" srcset=\"http:\/\/marcosmesa.com\/wp-content\/uploads\/2016\/04\/casa.jpg 533w, http:\/\/marcosmesa.com\/wp-content\/uploads\/2016\/04\/casa-200x300.jpg 200w\" sizes=\"(max-width: 533px) 100vw, 533px\" \/><\/a><p id=\"caption-attachment-412\" class=\"wp-caption-text\">Casa-cerrojo- 70 x 50 cm Fotograf\u00eda digital en color sobre aluminio y metracrilato<\/p><\/div>\n<div id=\"attachment_413\" style=\"width: 538px\" class=\"wp-caption alignnone\"><a href=\"http:\/\/marcosmesa.com\/wp-content\/uploads\/2016\/04\/FILO-DE-CIPR\u00c9S.jpg\" rel=\"attachment wp-att-413\"><img aria-describedby=\"caption-attachment-413\" decoding=\"async\" loading=\"lazy\" class=\"wp-image-413\" src=\"http:\/\/marcosmesa.com\/wp-content\/uploads\/2016\/04\/FILO-DE-CIPR\u00c9S.jpg\" alt=\"FILO DE CIPR\u00c9S\" width=\"528\" height=\"855\" \/><\/a><p id=\"caption-attachment-413\" class=\"wp-caption-text\">Filo de cipr\u00e9s &#8211; 70 x 50 cm Fotograf\u00eda digital en color sobre aluminio y metracrilato<\/p><\/div>\n<div id=\"attachment_419\" style=\"width: 490px\" class=\"wp-caption alignnone\"><a href=\"http:\/\/marcosmesa.com\/wp-content\/uploads\/2016\/04\/la-foto-3-1.jpg\" rel=\"attachment wp-att-419\"><img aria-describedby=\"caption-attachment-419\" decoding=\"async\" loading=\"lazy\" class=\"wp-image-419 size-full\" src=\"http:\/\/marcosmesa.com\/wp-content\/uploads\/2016\/04\/la-foto-3-1.jpg\" alt=\"Restaurante Jim\u00e9nez\" width=\"480\" height=\"640\" srcset=\"http:\/\/marcosmesa.com\/wp-content\/uploads\/2016\/04\/la-foto-3-1.jpg 480w, http:\/\/marcosmesa.com\/wp-content\/uploads\/2016\/04\/la-foto-3-1-225x300.jpg 225w\" sizes=\"(max-width: 480px) 100vw, 480px\" \/><\/a><p id=\"caption-attachment-419\" class=\"wp-caption-text\">Muestra de Poes\u00eda visual en el Restaurante Jim\u00e9nez en la vieja Estaci\u00f3n de tren de Majadahonda, Madrid<\/p><\/div>\n<div id=\"attachment_415\" style=\"width: 650px\" class=\"wp-caption alignnone\"><a href=\"http:\/\/marcosmesa.com\/wp-content\/uploads\/2016\/04\/la-foto-2-1.jpg\" rel=\"attachment wp-att-415\"><img aria-describedby=\"caption-attachment-415\" decoding=\"async\" loading=\"lazy\" class=\"wp-image-415 size-full\" src=\"http:\/\/marcosmesa.com\/wp-content\/uploads\/2016\/04\/la-foto-2-1.jpg\" alt=\"Restaurante Jim\u00e9nez\" width=\"640\" height=\"480\" srcset=\"http:\/\/marcosmesa.com\/wp-content\/uploads\/2016\/04\/la-foto-2-1.jpg 640w, http:\/\/marcosmesa.com\/wp-content\/uploads\/2016\/04\/la-foto-2-1-300x225.jpg 300w\" sizes=\"(max-width: 640px) 100vw, 640px\" \/><\/a><p id=\"caption-attachment-415\" class=\"wp-caption-text\">Muestra de Poes\u00eda visual en el Restaurante Jim\u00e9nez en la vieja Estaci\u00f3n de tren de Majadahonda, Madrid<\/p><\/div>\n<div id=\"attachment_411\" style=\"width: 741px\" class=\"wp-caption alignnone\"><a href=\"http:\/\/marcosmesa.com\/wp-content\/uploads\/2016\/04\/desc.jpg\" rel=\"attachment wp-att-411\"><img aria-describedby=\"caption-attachment-411\" decoding=\"async\" loading=\"lazy\" class=\"wp-image-411\" src=\"http:\/\/marcosmesa.com\/wp-content\/uploads\/2016\/04\/desc.jpg\" alt=\"Descubiertos\" width=\"731\" height=\"456\" \/><\/a><p id=\"caption-attachment-411\" class=\"wp-caption-text\">Descubiertos 100 x 200 cm Fotograf\u00eda digital en color sobre aluminio y metracrilato<\/p><\/div>\n<div id=\"attachment_423\" style=\"width: 490px\" class=\"wp-caption alignnone\"><a href=\"http:\/\/marcosmesa.com\/wp-content\/uploads\/2016\/04\/rest.jpg\" rel=\"attachment wp-att-423\"><img aria-describedby=\"caption-attachment-423\" decoding=\"async\" loading=\"lazy\" class=\"wp-image-423 size-full\" src=\"http:\/\/marcosmesa.com\/wp-content\/uploads\/2016\/04\/rest.jpg\" alt=\"Muestra de Poes\u00eda visual en el Restaurante Jim\u00e9nez \" width=\"480\" height=\"412\" srcset=\"http:\/\/marcosmesa.com\/wp-content\/uploads\/2016\/04\/rest.jpg 480w, http:\/\/marcosmesa.com\/wp-content\/uploads\/2016\/04\/rest-300x258.jpg 300w\" sizes=\"(max-width: 480px) 100vw, 480px\" \/><\/a><p id=\"caption-attachment-423\" class=\"wp-caption-text\">Muestra de Poes\u00eda visual en el Restaurante Jim\u00e9nez en la vieja Estaci\u00f3n de tren de Majadahonda<\/p><\/div>\n<p><div id=\"attachment_424\" style=\"width: 760px\" class=\"wp-caption alignnone\"><a href=\"http:\/\/marcosmesa.com\/wp-content\/uploads\/2016\/04\/bombilla.jpg\" rel=\"attachment wp-att-424\"><img aria-describedby=\"caption-attachment-424\" decoding=\"async\" loading=\"lazy\" class=\"wp-image-424 size-full\" src=\"http:\/\/marcosmesa.com\/wp-content\/uploads\/2016\/04\/bombilla.jpg\" alt=\"Nacimiento de una idea\" width=\"750\" height=\"500\" srcset=\"http:\/\/marcosmesa.com\/wp-content\/uploads\/2016\/04\/bombilla.jpg 750w, http:\/\/marcosmesa.com\/wp-content\/uploads\/2016\/04\/bombilla-300x200.jpg 300w\" sizes=\"(max-width: 750px) 100vw, 750px\" \/><\/a><p id=\"caption-attachment-424\" class=\"wp-caption-text\">Nacimiento de una idea &#8211; 50 x 70 cm Fotograf\u00eda digital en color sobre aluminio y metracrilato<\/p><\/div><\/p>","protected":false},"excerpt":{"rendered":"<p>La\u00a0poes\u00eda visual y los poemas objeto son un g\u00e9nero art\u00edstico cuyo precursor fue Joan Brossa. Marcos Mesa experimenta con la fotograf\u00eda para poder captar y transformar el objeto mediante la luz.\u00a0La iluminaci\u00f3n facilita la descontextualizaci\u00f3n de los diferentes objetos que unidos al cambio de color conforman una\u00a0serie de \u00abbodegones-paisaje\u00bb con una mirada po\u00e9tica. La conceptualidad [&hellip;]<\/p>\n","protected":false},"author":1,"featured_media":0,"comment_status":"open","ping_status":"closed","sticky":false,"template":"","format":"standard","meta":[],"categories":[6],"tags":[],"_links":{"self":[{"href":"http:\/\/marcosmesa.com\/es\/wp-json\/wp\/v2\/posts\/711"}],"collection":[{"href":"http:\/\/marcosmesa.com\/es\/wp-json\/wp\/v2\/posts"}],"about":[{"href":"http:\/\/marcosmesa.com\/es\/wp-json\/wp\/v2\/types\/post"}],"author":[{"embeddable":true,"href":"http:\/\/marcosmesa.com\/es\/wp-json\/wp\/v2\/users\/1"}],"replies":[{"embeddable":true,"href":"http:\/\/marcosmesa.com\/es\/wp-json\/wp\/v2\/comments?post=711"}],"version-history":[{"count":3,"href":"http:\/\/marcosmesa.com\/es\/wp-json\/wp\/v2\/posts\/711\/revisions"}],"predecessor-version":[{"id":853,"href":"http:\/\/marcosmesa.com\/es\/wp-json\/wp\/v2\/posts\/711\/revisions\/853"}],"wp:attachment":[{"href":"http:\/\/marcosmesa.com\/es\/wp-json\/wp\/v2\/media?parent=711"}],"wp:term":[{"taxonomy":"category","embeddable":true,"href":"http:\/\/marcosmesa.com\/es\/wp-json\/wp\/v2\/categories?post=711"},{"taxonomy":"post_tag","embeddable":true,"href":"http:\/\/marcosmesa.com\/es\/wp-json\/wp\/v2\/tags?post=711"}],"curies":[{"name":"wp","href":"https:\/\/api.w.org\/{rel}","templated":true}]}}