{"id":85,"date":"2016-04-10T15:17:42","date_gmt":"2016-04-10T15:17:42","guid":{"rendered":"http:\/\/marcosmesa.com\/?p=85"},"modified":"2016-10-19T19:14:06","modified_gmt":"2016-10-19T19:14:06","slug":"itinerarios-contexto-poemas-metal","status":"publish","type":"post","link":"http:\/\/marcosmesa.com\/es\/2016\/04\/10\/itinerarios-contexto-poemas-metal\/","title":{"rendered":"Itinerarios \u00abEn contexto\u00bb Poemas de Metal"},"content":{"rendered":"<p>&nbsp;<\/p>\n<p><a href=\"http:\/\/marcosmesa.com\/wp-content\/uploads\/2016\/04\/agua-1.jpg\" rel=\"attachment wp-att-100\"><img decoding=\"async\" loading=\"lazy\" class=\" wp-image-100 alignleft\" src=\"http:\/\/marcosmesa.com\/wp-content\/uploads\/2016\/04\/agua-1.jpg\" alt=\"Exposici\u00f3n Caf\u00e9 Aguardiente\" width=\"348\" height=\"430\" \/><\/a><\/p>\n<p>Itinerarios En Contexto forma parte de un proyecto expositivo en las salas de ocio del ambiente madrile\u00f1o para dar a conocer obras de poes\u00eda visual con objetos en soporte fotogr\u00e1fico. Dentro del doble juego conceptual-decorativo se han buscado una serie de piezas de gran formato y de tama\u00f1o peque\u00f1o seg\u00fan los espacios de las diferentes salas.<\/p>\n<p>Los lugares de exposici\u00f3n han recorrido zonas de Lavapi\u00e9s, La Latina, Huertas y Malasa\u00f1a en caf\u00e9s como el Aguardiente, La Corolla, La Caracola, caf\u00e9 la Piola etc..<\/p>\n<p><strong>Poemas de Metal<\/strong><\/p>\n<p>Las diferentes muestras forman parte de la serie expositiva \u00abPoemas de Metal\u00bb, una serie de composiciones con enseres met\u00e1licos y fondos de metal donde la luz juega un papel esencial en el proceso de descontextualizaci\u00f3n o construcci\u00f3n de esta especie de \u00abbodegones\u00bbEstos \u00abpoemas visuales con objetos\u00bb a diferencia de la poes\u00eda visual gr\u00e1fica constan de un objeto-poema que en este caso es presentado en soporte fotogr\u00e1fico,\u00a0son una serie de fotograf\u00edas realizadas con objetos como elementos principales de la composici\u00f3n.<\/p>\n<p>Los objetos son\u00a0descontextualizados\u00a0seg\u00fan la pieza y buscan cierta complicidad con el espectador que debe seguir el juego visual hacia m\u00faltiples lecturas.<a href=\"http:\/\/marcosmesa.com\/wp-content\/uploads\/2016\/04\/cartelesexpos.jpg\" rel=\"attachment wp-att-112\"><br \/>\n<\/a><\/p>\n<p>&nbsp;<\/p>\n<p>&nbsp;<\/p>\n<div id=\"attachment_142\" style=\"width: 710px\" class=\"wp-caption aligncenter\"><a href=\"http:\/\/marcosmesa.com\/wp-content\/uploads\/2016\/04\/calle20.jpg\" rel=\"attachment wp-att-142\"><img aria-describedby=\"caption-attachment-142\" decoding=\"async\" loading=\"lazy\" class=\"wp-image-142 size-full\" src=\"http:\/\/marcosmesa.com\/wp-content\/uploads\/2016\/04\/calle20.jpg\" alt=\"Columna en Calle 20\" width=\"700\" height=\"438\" srcset=\"http:\/\/marcosmesa.com\/wp-content\/uploads\/2016\/04\/calle20.jpg 700w, http:\/\/marcosmesa.com\/wp-content\/uploads\/2016\/04\/calle20-300x188.jpg 300w\" sizes=\"(max-width: 700px) 100vw, 700px\" \/><\/a><p id=\"caption-attachment-142\" class=\"wp-caption-text\">Columna en la revista Cultural Calle 20 Madrid con las exposiciones en las zonas de Madrid<\/p><\/div>\n<p><a href=\"http:\/\/marcosmesa.com\/wp-content\/uploads\/2016\/04\/agua3.jpg\" rel=\"attachment wp-att-94\"><img decoding=\"async\" loading=\"lazy\" class=\"wp-image-94 aligncenter\" src=\"http:\/\/marcosmesa.com\/wp-content\/uploads\/2016\/04\/agua3.jpg\" alt=\"Caf\u00e9 Aguardiente\" width=\"695\" height=\"460\" \/><\/a><\/p>\n<p><a href=\"http:\/\/marcosmesa.com\/wp-content\/uploads\/2016\/04\/corolla.jpg\" rel=\"attachment wp-att-97\"><img decoding=\"async\" loading=\"lazy\" class=\" wp-image-97 aligncenter\" src=\"http:\/\/marcosmesa.com\/wp-content\/uploads\/2016\/04\/corolla.jpg\" alt=\"Proyecto En Contexto\" width=\"700\" height=\"429\" srcset=\"http:\/\/marcosmesa.com\/wp-content\/uploads\/2016\/04\/corolla.jpg 700w, http:\/\/marcosmesa.com\/wp-content\/uploads\/2016\/04\/corolla-300x184.jpg 300w\" sizes=\"(max-width: 700px) 100vw, 700px\" \/><\/a><\/p>\n<p><a href=\"http:\/\/marcosmesa.com\/wp-content\/uploads\/2016\/04\/caracola1.jpg\" rel=\"attachment wp-att-96\"><img decoding=\"async\" loading=\"lazy\" class=\" wp-image-96 aligncenter\" src=\"http:\/\/marcosmesa.com\/wp-content\/uploads\/2016\/04\/caracola1.jpg\" alt=\"caracola1\" width=\"698\" height=\"382\" srcset=\"http:\/\/marcosmesa.com\/wp-content\/uploads\/2016\/04\/caracola1.jpg 800w, http:\/\/marcosmesa.com\/wp-content\/uploads\/2016\/04\/caracola1-300x164.jpg 300w, http:\/\/marcosmesa.com\/wp-content\/uploads\/2016\/04\/caracola1-768x420.jpg 768w\" sizes=\"(max-width: 698px) 100vw, 698px\" \/><\/a><\/p>\n<p>&nbsp;<\/p>\n<p>&nbsp;<\/p>\n<p>&nbsp;<\/p>","protected":false},"excerpt":{"rendered":"<p>&nbsp; Itinerarios En Contexto forma parte de un proyecto expositivo en las salas de ocio del ambiente madrile\u00f1o para dar a conocer obras de poes\u00eda visual con objetos en soporte fotogr\u00e1fico. Dentro del doble juego conceptual-decorativo se han buscado una serie de piezas de gran formato y de tama\u00f1o peque\u00f1o seg\u00fan los espacios de las [&hellip;]<\/p>\n","protected":false},"author":1,"featured_media":112,"comment_status":"open","ping_status":"open","sticky":false,"template":"","format":"standard","meta":[],"categories":[5],"tags":[],"_links":{"self":[{"href":"http:\/\/marcosmesa.com\/es\/wp-json\/wp\/v2\/posts\/85"}],"collection":[{"href":"http:\/\/marcosmesa.com\/es\/wp-json\/wp\/v2\/posts"}],"about":[{"href":"http:\/\/marcosmesa.com\/es\/wp-json\/wp\/v2\/types\/post"}],"author":[{"embeddable":true,"href":"http:\/\/marcosmesa.com\/es\/wp-json\/wp\/v2\/users\/1"}],"replies":[{"embeddable":true,"href":"http:\/\/marcosmesa.com\/es\/wp-json\/wp\/v2\/comments?post=85"}],"version-history":[{"count":16,"href":"http:\/\/marcosmesa.com\/es\/wp-json\/wp\/v2\/posts\/85\/revisions"}],"predecessor-version":[{"id":846,"href":"http:\/\/marcosmesa.com\/es\/wp-json\/wp\/v2\/posts\/85\/revisions\/846"}],"wp:featuredmedia":[{"embeddable":true,"href":"http:\/\/marcosmesa.com\/es\/wp-json\/wp\/v2\/media\/112"}],"wp:attachment":[{"href":"http:\/\/marcosmesa.com\/es\/wp-json\/wp\/v2\/media?parent=85"}],"wp:term":[{"taxonomy":"category","embeddable":true,"href":"http:\/\/marcosmesa.com\/es\/wp-json\/wp\/v2\/categories?post=85"},{"taxonomy":"post_tag","embeddable":true,"href":"http:\/\/marcosmesa.com\/es\/wp-json\/wp\/v2\/tags?post=85"}],"curies":[{"name":"wp","href":"https:\/\/api.w.org\/{rel}","templated":true}]}}